{"id":12283,"date":"2025-06-02T10:00:54","date_gmt":"2025-06-02T08:00:54","guid":{"rendered":"https:\/\/www.joebike.fr\/?p=12283"},"modified":"2025-05-05T15:48:35","modified_gmt":"2025-05-05T13:48:35","slug":"top-5-des-balades-a-velo-a-faire-en-famille-dans-les-landes-et-au-pays-basque","status":"publish","type":"post","link":"https:\/\/www.joebike.fr\/en\/top-5-des-balades-a-velo-a-faire-en-famille-dans-les-landes-et-au-pays-basque\/","title":{"rendered":"Top 5 des balades \u00e0 v\u00e9lo \u00e0 faire en famille dans les Landes et au Pays basque"},"content":{"rendered":"<div data-elementor-type=\"wp-post\" data-elementor-id=\"12283\" class=\"elementor elementor-12283\" data-elementor-post-type=\"post\">\n\t\t\t\t<div class=\"elementor-element elementor-element-fd4ee8a e-flex e-con-boxed e-con e-parent\" data-id=\"fd4ee8a\" data-element_type=\"container\" data-e-type=\"container\">\n\t\t\t\t\t<div class=\"e-con-inner\">\n\t\t\t\t<div class=\"elementor-element elementor-element-a936bca elementor-widget elementor-widget-text-editor\" data-id=\"a936bca\" data-element_type=\"widget\" data-e-type=\"widget\" data-widget_type=\"text-editor.default\">\n\t\t\t\t<div class=\"elementor-widget-container\">\n\t\t\t\t\t\t\t\t\t<p><strong>Avec l\u2019arriv\u00e9e des beaux jours, quoi de mieux qu\u2019une balade \u00e0 v\u00e9lo ? Lla r\u00e9gion offre une multitude d\u2019itin\u00e9raires adapt\u00e9s \u00e0 tous. Nous proposons des v\u00e9los pour toute la famille, disponibles \u00e0 la location dans nos magasins d\u2019Anglet, Hossegor, Seignosse, Labenne, Hendaye, Capbreton et Biarritz. Voici notre s\u00e9lection de cinq balades incontournables, id\u00e9ales pour des moments conviviaux en plein air.<\/strong><\/p>\t\t\t\t\t\t\t\t<\/div>\n\t\t\t\t<\/div>\n\t\t\t\t\t<\/div>\n\t\t\t\t<\/div>\n\t\t<div class=\"elementor-element elementor-element-2b47de6 e-flex e-con-boxed e-con e-parent\" data-id=\"2b47de6\" data-element_type=\"container\" data-e-type=\"container\">\n\t\t\t\t\t<div class=\"e-con-inner\">\n\t\t\t\t<div class=\"elementor-element elementor-element-0e320b0 elementor-widget elementor-widget-heading\" data-id=\"0e320b0\" data-element_type=\"widget\" data-e-type=\"widget\" data-widget_type=\"heading.default\">\n\t\t\t\t<div class=\"elementor-widget-container\">\n\t\t\t\t\t<h2 class=\"elementor-heading-title elementor-size-default\">La V\u00e9lodyss\u00e9e : de Moliets \u00e0 Labenne<\/h2>\t\t\t\t<\/div>\n\t\t\t\t<\/div>\n\t\t\t\t<div class=\"elementor-element elementor-element-ebc3369 elementor-widget elementor-widget-text-editor\" data-id=\"ebc3369\" data-element_type=\"widget\" data-e-type=\"widget\" data-widget_type=\"text-editor.default\">\n\t\t\t\t<div class=\"elementor-widget-container\">\n\t\t\t\t\t\t\t\t\t<p>La V\u00e9lodyss\u00e9e est une v\u00e9loroute qui longe l\u2019Atlantique, offrant des paysages c\u00f4tiers magnifiques. Le tron\u00e7on entre Moliets et Labenne est particuli\u00e8rement adapt\u00e9 aux familles, avec des pistes s\u00e9curis\u00e9es traversant for\u00eats de pins et dunes.<\/p><ul><li><span style=\"text-decoration: underline;\"><strong>Distance<\/strong><\/span> : Environ 40 km (possibilit\u00e9 de faire des portions plus courtes)<\/li><li><span style=\"text-decoration: underline;\"><strong>Difficult\u00e9<\/strong><\/span> : Easy<\/li><li><span style=\"text-decoration: underline;\"><strong>Points of interest<\/strong><\/span> : Plages de Moliets, r\u00e9serve naturelle de l\u2019\u00c9tang Noir, port de Capbreton<\/li><\/ul>\t\t\t\t\t\t\t\t<\/div>\n\t\t\t\t<\/div>\n\t\t\t\t<div class=\"elementor-element elementor-element-3b3bcb7 elementor-widget elementor-widget-button\" data-id=\"3b3bcb7\" data-element_type=\"widget\" data-e-type=\"widget\" data-widget_type=\"button.default\">\n\t\t\t\t<div class=\"elementor-widget-container\">\n\t\t\t\t\t\t\t\t\t<div class=\"elementor-button-wrapper\">\n\t\t\t\t\t<a class=\"elementor-button elementor-button-link elementor-size-sm\" href=\"https:\/\/www.landesatlantiquesud.com\/activites\/velo\/velodyssee-dans-les-landes\/\" target=\"_blank\">\n\t\t\t\t\t\t<span class=\"elementor-button-content-wrapper\">\n\t\t\t\t\t\t\t\t\t<span class=\"elementor-button-text\">En savoir plus sur la v\u00e9lodyss\u00e9e dans les Landes<\/span>\n\t\t\t\t\t<\/span>\n\t\t\t\t\t<\/a>\n\t\t\t\t<\/div>\n\t\t\t\t\t\t\t\t<\/div>\n\t\t\t\t<\/div>\n\t\t\t\t<div class=\"elementor-element elementor-element-229f531 elementor-widget-divider--view-line elementor-widget elementor-widget-divider\" data-id=\"229f531\" data-element_type=\"widget\" data-e-type=\"widget\" data-widget_type=\"divider.default\">\n\t\t\t\t<div class=\"elementor-widget-container\">\n\t\t\t\t\t\t\t<div class=\"elementor-divider\">\n\t\t\t<span class=\"elementor-divider-separator\">\n\t\t\t\t\t\t<\/span>\n\t\t<\/div>\n\t\t\t\t\t\t<\/div>\n\t\t\t\t<\/div>\n\t\t\t\t\t<\/div>\n\t\t\t\t<\/div>\n\t\t<div class=\"elementor-element elementor-element-cd9367c e-flex e-con-boxed e-con e-parent\" data-id=\"cd9367c\" data-element_type=\"container\" data-e-type=\"container\">\n\t\t\t\t\t<div class=\"e-con-inner\">\n\t\t\t\t<div class=\"elementor-element elementor-element-f982cdd elementor-widget elementor-widget-heading\" data-id=\"f982cdd\" data-element_type=\"widget\" data-e-type=\"widget\" data-widget_type=\"heading.default\">\n\t\t\t\t<div class=\"elementor-widget-container\">\n\t\t\t\t\t<h2 class=\"elementor-heading-title elementor-size-default\">La Voie Verte de la Nive : de Bayonne au Pas de Roland<\/h2>\t\t\t\t<\/div>\n\t\t\t\t<\/div>\n\t\t\t\t<div class=\"elementor-element elementor-element-bbf6151 elementor-widget elementor-widget-text-editor\" data-id=\"bbf6151\" data-element_type=\"widget\" data-e-type=\"widget\" data-widget_type=\"text-editor.default\">\n\t\t\t\t<div class=\"elementor-widget-container\">\n\t\t\t\t\t\t\t\t\t<p>Cette voie verte suit la rivi\u00e8re Nive, offrant une balade paisible \u00e0 travers la campagne basque. Le parcours est ponctu\u00e9 de villages charmants et de paysages verdoyants.<\/p><ul><li><span style=\"text-decoration: underline;\"><strong>Distance<\/strong><\/span> : Environ 26 km<\/li><li><span style=\"text-decoration: underline;\"><strong>Difficult\u00e9<\/strong><\/span> : Easy<\/li><li><span style=\"text-decoration: underline;\"><strong>Points of interest<\/strong> <\/span>: Villefranque, Ustaritz, Cambo-les-Bains, Pas de Roland \u00e0 Itxassou<\/li><\/ul>\t\t\t\t\t\t\t\t<\/div>\n\t\t\t\t<\/div>\n\t\t\t\t<div class=\"elementor-element elementor-element-ae3abed elementor-widget elementor-widget-button\" data-id=\"ae3abed\" data-element_type=\"widget\" data-e-type=\"widget\" data-widget_type=\"button.default\">\n\t\t\t\t<div class=\"elementor-widget-container\">\n\t\t\t\t\t\t\t\t\t<div class=\"elementor-button-wrapper\">\n\t\t\t\t\t<a class=\"elementor-button elementor-button-link elementor-size-sm\" href=\"https:\/\/www.quefairepaysbasque.com\/5-balades-a-velo-a-faire-dans-le-pays-basque\/\" target=\"_blank\">\n\t\t\t\t\t\t<span class=\"elementor-button-content-wrapper\">\n\t\t\t\t\t\t\t\t\t<span class=\"elementor-button-text\">D\u00e9tails de l'itin\u00e9raire <\/span>\n\t\t\t\t\t<\/span>\n\t\t\t\t\t<\/a>\n\t\t\t\t<\/div>\n\t\t\t\t\t\t\t\t<\/div>\n\t\t\t\t<\/div>\n\t\t\t\t<div class=\"elementor-element elementor-element-ebb2935 elementor-widget-divider--view-line elementor-widget elementor-widget-divider\" data-id=\"ebb2935\" data-element_type=\"widget\" data-e-type=\"widget\" data-widget_type=\"divider.default\">\n\t\t\t\t<div class=\"elementor-widget-container\">\n\t\t\t\t\t\t\t<div class=\"elementor-divider\">\n\t\t\t<span class=\"elementor-divider-separator\">\n\t\t\t\t\t\t<\/span>\n\t\t<\/div>\n\t\t\t\t\t\t<\/div>\n\t\t\t\t<\/div>\n\t\t\t\t\t<\/div>\n\t\t\t\t<\/div>\n\t\t<div class=\"elementor-element elementor-element-03c376b e-flex e-con-boxed e-con e-parent\" data-id=\"03c376b\" data-element_type=\"container\" data-e-type=\"container\">\n\t\t\t\t\t<div class=\"e-con-inner\">\n\t\t\t\t<div class=\"elementor-element elementor-element-7c0a125 elementor-widget elementor-widget-heading\" data-id=\"7c0a125\" data-element_type=\"widget\" data-e-type=\"widget\" data-widget_type=\"heading.default\">\n\t\t\t\t<div class=\"elementor-widget-container\">\n\t\t\t\t\t<h2 class=\"elementor-heading-title elementor-size-default\">La Voie du Littoral : de Bayonne \u00e0 Hendaye<\/h2>\t\t\t\t<\/div>\n\t\t\t\t<\/div>\n\t\t\t\t<div class=\"elementor-element elementor-element-2bc7aca elementor-widget elementor-widget-text-editor\" data-id=\"2bc7aca\" data-element_type=\"widget\" data-e-type=\"widget\" data-widget_type=\"text-editor.default\">\n\t\t\t\t<div class=\"elementor-widget-container\">\n\t\t\t\t\t\t\t\t\t<p>Pour les familles sportives, cette piste cyclable longe la c\u00f4te basque, offrant des vues imprenables sur l\u2019oc\u00e9an et les falaises. Des arr\u00eats fr\u00e9quents permettent de d\u00e9couvrir les villes c\u00f4ti\u00e8res.<\/p><ul><li><span style=\"text-decoration: underline;\"><strong>Distance<\/strong><\/span> : Environ 45 km (possibilit\u00e9 de faire des segments plus courts)<\/li><li><span style=\"text-decoration: underline;\"><strong>Difficult\u00e9<\/strong><\/span> : Moyenne<\/li><li><span style=\"text-decoration: underline;\"><strong>Points of interest<\/strong><\/span> : Biarritz, Saint-Jean-de-Luz, Socoa, plages et ports<\/li><\/ul>\t\t\t\t\t\t\t\t<\/div>\n\t\t\t\t<\/div>\n\t\t\t\t<div class=\"elementor-element elementor-element-5774727 elementor-widget elementor-widget-button\" data-id=\"5774727\" data-element_type=\"widget\" data-e-type=\"widget\" data-widget_type=\"button.default\">\n\t\t\t\t<div class=\"elementor-widget-container\">\n\t\t\t\t\t\t\t\t\t<div class=\"elementor-button-wrapper\">\n\t\t\t\t\t<a class=\"elementor-button elementor-button-link elementor-size-sm\" href=\"https:\/\/www.quefairepaysbasque.com\/5-idees-de-balades-a-velo-a-faire-dans-le-pays-basque\/\" target=\"_blank\">\n\t\t\t\t\t\t<span class=\"elementor-button-content-wrapper\">\n\t\t\t\t\t\t\t\t\t<span class=\"elementor-button-text\">D\u00e9tails de l'itin\u00e9raire <\/span>\n\t\t\t\t\t<\/span>\n\t\t\t\t\t<\/a>\n\t\t\t\t<\/div>\n\t\t\t\t\t\t\t\t<\/div>\n\t\t\t\t<\/div>\n\t\t\t\t<div class=\"elementor-element elementor-element-beb7754 elementor-widget-divider--view-line elementor-widget elementor-widget-divider\" data-id=\"beb7754\" data-element_type=\"widget\" data-e-type=\"widget\" data-widget_type=\"divider.default\">\n\t\t\t\t<div class=\"elementor-widget-container\">\n\t\t\t\t\t\t\t<div class=\"elementor-divider\">\n\t\t\t<span class=\"elementor-divider-separator\">\n\t\t\t\t\t\t<\/span>\n\t\t<\/div>\n\t\t\t\t\t\t<\/div>\n\t\t\t\t<\/div>\n\t\t\t\t\t<\/div>\n\t\t\t\t<\/div>\n\t\t<div class=\"elementor-element elementor-element-2f9b4b7 e-flex e-con-boxed e-con e-parent\" data-id=\"2f9b4b7\" data-element_type=\"container\" data-e-type=\"container\">\n\t\t\t\t\t<div class=\"e-con-inner\">\n\t\t\t\t<div class=\"elementor-element elementor-element-e6a4055 elementor-widget elementor-widget-heading\" data-id=\"e6a4055\" data-element_type=\"widget\" data-e-type=\"widget\" data-widget_type=\"heading.default\">\n\t\t\t\t<div class=\"elementor-widget-container\">\n\t\t\t\t\t<h2 class=\"elementor-heading-title elementor-size-default\">Balade autour du Lac de L\u00e9on<\/h2>\t\t\t\t<\/div>\n\t\t\t\t<\/div>\n\t\t\t\t<div class=\"elementor-element elementor-element-8a4b108 elementor-widget elementor-widget-text-editor\" data-id=\"8a4b108\" data-element_type=\"widget\" data-e-type=\"widget\" data-widget_type=\"text-editor.default\">\n\t\t\t\t<div class=\"elementor-widget-container\">\n\t\t\t\t\t\t\t\t\t<p>Le tour du Lac de L\u00e9on est une boucle id\u00e9ale pour les familles avec de jeunes enfants. Le chemin est plat et offre des aires de pique-nique et des plages pour des pauses d\u00e9tente.<\/p><ul><li><span style=\"text-decoration: underline;\"><strong>Distance<\/strong><\/span> : Environ 10 km<\/li><li><span style=\"text-decoration: underline;\"><strong>Difficult\u00e9<\/strong><\/span> : Tr\u00e8s facile<\/li><li><span style=\"text-decoration: underline;\"><strong>Points of interest<\/strong><\/span> : Plages du lac, r\u00e9serve naturelle du Courant d\u2019Huchet<\/li><\/ul>\t\t\t\t\t\t\t\t<\/div>\n\t\t\t\t<\/div>\n\t\t\t\t<div class=\"elementor-element elementor-element-ab8bab4 elementor-widget elementor-widget-button\" data-id=\"ab8bab4\" data-element_type=\"widget\" data-e-type=\"widget\" data-widget_type=\"button.default\">\n\t\t\t\t<div class=\"elementor-widget-container\">\n\t\t\t\t\t\t\t\t\t<div class=\"elementor-button-wrapper\">\n\t\t\t\t\t<a class=\"elementor-button elementor-button-link elementor-size-sm\" href=\"https:\/\/www.guide-des-landes.com\/fr\/experiences\/sportive\/article-faire-du-velo-dans-les-landes-pistes-cyclables-et-voies-vertes--124.html\" target=\"_blank\">\n\t\t\t\t\t\t<span class=\"elementor-button-content-wrapper\">\n\t\t\t\t\t\t\t\t\t<span class=\"elementor-button-text\">Plus d'informations<\/span>\n\t\t\t\t\t<\/span>\n\t\t\t\t\t<\/a>\n\t\t\t\t<\/div>\n\t\t\t\t\t\t\t\t<\/div>\n\t\t\t\t<\/div>\n\t\t\t\t\t<\/div>\n\t\t\t\t<\/div>\n\t\t\t\t<\/div>","protected":false},"excerpt":{"rendered":"<p>Avec l\u2019arriv\u00e9e des beaux jours, quoi de mieux qu\u2019une balade \u00e0 v\u00e9lo ? Lla r\u00e9gion offre une multitude d\u2019itin\u00e9raires adapt\u00e9s \u00e0 tous. Nous proposons des v\u00e9los pour toute la famille, disponibles \u00e0 la location dans nos magasins d\u2019Anglet, Hossegor, Seignosse, Labenne, Hendaye, Capbreton et Biarritz. Voici notre s\u00e9lection de cinq balades incontournables, id\u00e9ales pour des [&hellip;]<\/p>\n","protected":false},"author":1,"featured_media":12275,"comment_status":"closed","ping_status":"closed","sticky":false,"template":"","format":"standard","meta":{"_acf_changed":false,"footnotes":""},"categories":[203],"tags":[],"class_list":["post-12283","post","type-post","status-publish","format-standard","has-post-thumbnail","hentry","category-itineraires"],"acf":[],"yoast_head":"<!-- This site is optimized with the Yoast SEO Premium plugin v26.6 (Yoast SEO v27.5) - https:\/\/yoast.com\/product\/yoast-seo-premium-wordpress\/ -->\n<title>Top 5 des balades \u00e0 v\u00e9lo \u00e0 faire en famille dans les Landes et au Pays basque - Joe Bike<\/title>\n<meta name=\"robots\" content=\"index, follow, max-snippet:-1, max-image-preview:large, max-video-preview:-1\" \/>\n<link rel=\"canonical\" href=\"https:\/\/www.joebike.fr\/en\/top-5-des-balades-a-velo-a-faire-en-famille-dans-les-landes-et-au-pays-basque\/\" \/>\n<meta property=\"og:locale\" content=\"en_GB\" \/>\n<meta property=\"og:type\" content=\"article\" \/>\n<meta property=\"og:title\" content=\"Top 5 des balades \u00e0 v\u00e9lo \u00e0 faire en famille dans les Landes et au Pays basque\" \/>\n<meta property=\"og:description\" content=\"Avec l\u2019arriv\u00e9e des beaux jours, quoi de mieux qu\u2019une balade \u00e0 v\u00e9lo ? Lla r\u00e9gion offre une multitude d\u2019itin\u00e9raires adapt\u00e9s \u00e0 tous. Nous proposons des v\u00e9los pour toute la famille, disponibles \u00e0 la location dans nos magasins d\u2019Anglet, Hossegor, Seignosse, Labenne, Hendaye, Capbreton et Biarritz. Voici notre s\u00e9lection de cinq balades incontournables, id\u00e9ales pour des [&hellip;]\" \/>\n<meta property=\"og:url\" content=\"https:\/\/www.joebike.fr\/en\/top-5-des-balades-a-velo-a-faire-en-famille-dans-les-landes-et-au-pays-basque\/\" \/>\n<meta property=\"og:site_name\" content=\"Joe Bike\" \/>\n<meta property=\"article:publisher\" content=\"https:\/\/www.facebook.com\/joebikefrance\" \/>\n<meta property=\"article:published_time\" content=\"2025-06-02T08:00:54+00:00\" \/>\n<meta property=\"og:image\" content=\"https:\/\/www.joebike.fr\/wp-content\/uploads\/2025\/05\/Location-velo-Joe-Bike-Hossegor-Seignosse-Capbreton--scaled.jpg\" \/>\n\t<meta property=\"og:image:width\" content=\"2560\" \/>\n\t<meta property=\"og:image:height\" content=\"2020\" \/>\n\t<meta property=\"og:image:type\" content=\"image\/jpeg\" \/>\n<meta name=\"author\" content=\"joe bike\" \/>\n<meta name=\"twitter:card\" content=\"summary_large_image\" \/>\n<script type=\"application\/ld+json\" class=\"yoast-schema-graph\">{\"@context\":\"https:\\\/\\\/schema.org\",\"@graph\":[{\"@type\":\"Article\",\"@id\":\"https:\\\/\\\/www.joebike.fr\\\/top-5-des-balades-a-velo-a-faire-en-famille-dans-les-landes-et-au-pays-basque\\\/#article\",\"isPartOf\":{\"@id\":\"https:\\\/\\\/www.joebike.fr\\\/top-5-des-balades-a-velo-a-faire-en-famille-dans-les-landes-et-au-pays-basque\\\/\"},\"author\":{\"name\":\"joe bike\",\"@id\":\"https:\\\/\\\/www.joebike.fr\\\/#\\\/schema\\\/person\\\/8064fd0373e9e5b86d16d41ce97d4674\"},\"headline\":\"Top 5 des balades \u00e0 v\u00e9lo \u00e0 faire en famille dans les Landes et au Pays basque\",\"datePublished\":\"2025-06-02T08:00:54+00:00\",\"mainEntityOfPage\":{\"@id\":\"https:\\\/\\\/www.joebike.fr\\\/top-5-des-balades-a-velo-a-faire-en-famille-dans-les-landes-et-au-pays-basque\\\/\"},\"wordCount\":379,\"publisher\":{\"@id\":\"https:\\\/\\\/www.joebike.fr\\\/#organization\"},\"image\":{\"@id\":\"https:\\\/\\\/www.joebike.fr\\\/top-5-des-balades-a-velo-a-faire-en-famille-dans-les-landes-et-au-pays-basque\\\/#primaryimage\"},\"thumbnailUrl\":\"https:\\\/\\\/www.joebike.fr\\\/wp-content\\\/uploads\\\/2025\\\/05\\\/Location-velo-Joe-Bike-Hossegor-Seignosse-Capbreton--scaled.jpg\",\"articleSection\":[\"Itin\u00e9raires et balades\"],\"inLanguage\":\"en-GB\"},{\"@type\":\"WebPage\",\"@id\":\"https:\\\/\\\/www.joebike.fr\\\/top-5-des-balades-a-velo-a-faire-en-famille-dans-les-landes-et-au-pays-basque\\\/\",\"url\":\"https:\\\/\\\/www.joebike.fr\\\/top-5-des-balades-a-velo-a-faire-en-famille-dans-les-landes-et-au-pays-basque\\\/\",\"name\":\"Top 5 des balades \u00e0 v\u00e9lo \u00e0 faire en famille dans les Landes et au Pays basque - Joe Bike\",\"isPartOf\":{\"@id\":\"https:\\\/\\\/www.joebike.fr\\\/#website\"},\"primaryImageOfPage\":{\"@id\":\"https:\\\/\\\/www.joebike.fr\\\/top-5-des-balades-a-velo-a-faire-en-famille-dans-les-landes-et-au-pays-basque\\\/#primaryimage\"},\"image\":{\"@id\":\"https:\\\/\\\/www.joebike.fr\\\/top-5-des-balades-a-velo-a-faire-en-famille-dans-les-landes-et-au-pays-basque\\\/#primaryimage\"},\"thumbnailUrl\":\"https:\\\/\\\/www.joebike.fr\\\/wp-content\\\/uploads\\\/2025\\\/05\\\/Location-velo-Joe-Bike-Hossegor-Seignosse-Capbreton--scaled.jpg\",\"datePublished\":\"2025-06-02T08:00:54+00:00\",\"breadcrumb\":{\"@id\":\"https:\\\/\\\/www.joebike.fr\\\/top-5-des-balades-a-velo-a-faire-en-famille-dans-les-landes-et-au-pays-basque\\\/#breadcrumb\"},\"inLanguage\":\"en-GB\",\"potentialAction\":[{\"@type\":\"ReadAction\",\"target\":[\"https:\\\/\\\/www.joebike.fr\\\/top-5-des-balades-a-velo-a-faire-en-famille-dans-les-landes-et-au-pays-basque\\\/\"]}]},{\"@type\":\"ImageObject\",\"inLanguage\":\"en-GB\",\"@id\":\"https:\\\/\\\/www.joebike.fr\\\/top-5-des-balades-a-velo-a-faire-en-famille-dans-les-landes-et-au-pays-basque\\\/#primaryimage\",\"url\":\"https:\\\/\\\/www.joebike.fr\\\/wp-content\\\/uploads\\\/2025\\\/05\\\/Location-velo-Joe-Bike-Hossegor-Seignosse-Capbreton--scaled.jpg\",\"contentUrl\":\"https:\\\/\\\/www.joebike.fr\\\/wp-content\\\/uploads\\\/2025\\\/05\\\/Location-velo-Joe-Bike-Hossegor-Seignosse-Capbreton--scaled.jpg\",\"width\":2560,\"height\":2020},{\"@type\":\"BreadcrumbList\",\"@id\":\"https:\\\/\\\/www.joebike.fr\\\/top-5-des-balades-a-velo-a-faire-en-famille-dans-les-landes-et-au-pays-basque\\\/#breadcrumb\",\"itemListElement\":[{\"@type\":\"ListItem\",\"position\":1,\"name\":\"Accueil\",\"item\":\"https:\\\/\\\/www.joebike.fr\\\/\"},{\"@type\":\"ListItem\",\"position\":2,\"name\":\"Top 5 des balades \u00e0 v\u00e9lo \u00e0 faire en famille dans les Landes et au Pays basque\"}]},{\"@type\":\"WebSite\",\"@id\":\"https:\\\/\\\/www.joebike.fr\\\/#website\",\"url\":\"https:\\\/\\\/www.joebike.fr\\\/\",\"name\":\"Joe Bike\",\"description\":\"Location de v\u00e9lo dans les Landes, le Pays Basque et les Pyr\u00e9n\u00e9es\",\"publisher\":{\"@id\":\"https:\\\/\\\/www.joebike.fr\\\/#organization\"},\"potentialAction\":[{\"@type\":\"SearchAction\",\"target\":{\"@type\":\"EntryPoint\",\"urlTemplate\":\"https:\\\/\\\/www.joebike.fr\\\/?s={search_term_string}\"},\"query-input\":{\"@type\":\"PropertyValueSpecification\",\"valueRequired\":true,\"valueName\":\"search_term_string\"}}],\"inLanguage\":\"en-GB\"},{\"@type\":\"Organization\",\"@id\":\"https:\\\/\\\/www.joebike.fr\\\/#organization\",\"name\":\"Joe Bike, sp\u00e9cialiste en location v\u00e9lo\",\"url\":\"https:\\\/\\\/www.joebike.fr\\\/\",\"logo\":{\"@type\":\"ImageObject\",\"inLanguage\":\"en-GB\",\"@id\":\"https:\\\/\\\/www.joebike.fr\\\/#\\\/schema\\\/logo\\\/image\\\/\",\"url\":\"https:\\\/\\\/www.joebike.fr\\\/wp-content\\\/uploads\\\/2022\\\/04\\\/LOGO-JB-22_PNG.png\",\"contentUrl\":\"https:\\\/\\\/www.joebike.fr\\\/wp-content\\\/uploads\\\/2022\\\/04\\\/LOGO-JB-22_PNG.png\",\"width\":473,\"height\":473,\"caption\":\"Joe Bike, sp\u00e9cialiste en location v\u00e9lo\"},\"image\":{\"@id\":\"https:\\\/\\\/www.joebike.fr\\\/#\\\/schema\\\/logo\\\/image\\\/\"},\"sameAs\":[\"https:\\\/\\\/www.facebook.com\\\/joebikefrance\",\"https:\\\/\\\/www.instagram.com\\\/joebikefrance\"]},{\"@type\":\"Person\",\"@id\":\"https:\\\/\\\/www.joebike.fr\\\/#\\\/schema\\\/person\\\/8064fd0373e9e5b86d16d41ce97d4674\",\"name\":\"joe bike\",\"image\":{\"@type\":\"ImageObject\",\"inLanguage\":\"en-GB\",\"@id\":\"https:\\\/\\\/secure.gravatar.com\\\/avatar\\\/7f4f96fc95221c6ed5840c843434d95484ba34b2e8718e2116b04451518ac0d3?s=96&d=mm&r=g\",\"url\":\"https:\\\/\\\/secure.gravatar.com\\\/avatar\\\/7f4f96fc95221c6ed5840c843434d95484ba34b2e8718e2116b04451518ac0d3?s=96&d=mm&r=g\",\"contentUrl\":\"https:\\\/\\\/secure.gravatar.com\\\/avatar\\\/7f4f96fc95221c6ed5840c843434d95484ba34b2e8718e2116b04451518ac0d3?s=96&d=mm&r=g\",\"caption\":\"joe bike\"},\"sameAs\":[\"http:\\\/\\\/www.joebike.fr\"]}]}<\/script>\n<!-- \/ Yoast SEO Premium plugin. -->","yoast_head_json":{"title":"Top 5 des balades \u00e0 v\u00e9lo \u00e0 faire en famille dans les Landes et au Pays basque - Joe Bike","robots":{"index":"index","follow":"follow","max-snippet":"max-snippet:-1","max-image-preview":"max-image-preview:large","max-video-preview":"max-video-preview:-1"},"canonical":"https:\/\/www.joebike.fr\/en\/top-5-des-balades-a-velo-a-faire-en-famille-dans-les-landes-et-au-pays-basque\/","og_locale":"en_GB","og_type":"article","og_title":"Top 5 des balades \u00e0 v\u00e9lo \u00e0 faire en famille dans les Landes et au Pays basque","og_description":"Avec l\u2019arriv\u00e9e des beaux jours, quoi de mieux qu\u2019une balade \u00e0 v\u00e9lo ? Lla r\u00e9gion offre une multitude d\u2019itin\u00e9raires adapt\u00e9s \u00e0 tous. Nous proposons des v\u00e9los pour toute la famille, disponibles \u00e0 la location dans nos magasins d\u2019Anglet, Hossegor, Seignosse, Labenne, Hendaye, Capbreton et Biarritz. Voici notre s\u00e9lection de cinq balades incontournables, id\u00e9ales pour des [&hellip;]","og_url":"https:\/\/www.joebike.fr\/en\/top-5-des-balades-a-velo-a-faire-en-famille-dans-les-landes-et-au-pays-basque\/","og_site_name":"Joe Bike","article_publisher":"https:\/\/www.facebook.com\/joebikefrance","article_published_time":"2025-06-02T08:00:54+00:00","og_image":[{"width":2560,"height":2020,"url":"https:\/\/www.joebike.fr\/wp-content\/uploads\/2025\/05\/Location-velo-Joe-Bike-Hossegor-Seignosse-Capbreton--scaled.jpg","type":"image\/jpeg"}],"author":"joe bike","twitter_card":"summary_large_image","schema":{"@context":"https:\/\/schema.org","@graph":[{"@type":"Article","@id":"https:\/\/www.joebike.fr\/top-5-des-balades-a-velo-a-faire-en-famille-dans-les-landes-et-au-pays-basque\/#article","isPartOf":{"@id":"https:\/\/www.joebike.fr\/top-5-des-balades-a-velo-a-faire-en-famille-dans-les-landes-et-au-pays-basque\/"},"author":{"name":"joe bike","@id":"https:\/\/www.joebike.fr\/#\/schema\/person\/8064fd0373e9e5b86d16d41ce97d4674"},"headline":"Top 5 des balades \u00e0 v\u00e9lo \u00e0 faire en famille dans les Landes et au Pays basque","datePublished":"2025-06-02T08:00:54+00:00","mainEntityOfPage":{"@id":"https:\/\/www.joebike.fr\/top-5-des-balades-a-velo-a-faire-en-famille-dans-les-landes-et-au-pays-basque\/"},"wordCount":379,"publisher":{"@id":"https:\/\/www.joebike.fr\/#organization"},"image":{"@id":"https:\/\/www.joebike.fr\/top-5-des-balades-a-velo-a-faire-en-famille-dans-les-landes-et-au-pays-basque\/#primaryimage"},"thumbnailUrl":"https:\/\/www.joebike.fr\/wp-content\/uploads\/2025\/05\/Location-velo-Joe-Bike-Hossegor-Seignosse-Capbreton--scaled.jpg","articleSection":["Itin\u00e9raires et balades"],"inLanguage":"en-GB"},{"@type":"WebPage","@id":"https:\/\/www.joebike.fr\/top-5-des-balades-a-velo-a-faire-en-famille-dans-les-landes-et-au-pays-basque\/","url":"https:\/\/www.joebike.fr\/top-5-des-balades-a-velo-a-faire-en-famille-dans-les-landes-et-au-pays-basque\/","name":"Top 5 des balades \u00e0 v\u00e9lo \u00e0 faire en famille dans les Landes et au Pays basque - Joe Bike","isPartOf":{"@id":"https:\/\/www.joebike.fr\/#website"},"primaryImageOfPage":{"@id":"https:\/\/www.joebike.fr\/top-5-des-balades-a-velo-a-faire-en-famille-dans-les-landes-et-au-pays-basque\/#primaryimage"},"image":{"@id":"https:\/\/www.joebike.fr\/top-5-des-balades-a-velo-a-faire-en-famille-dans-les-landes-et-au-pays-basque\/#primaryimage"},"thumbnailUrl":"https:\/\/www.joebike.fr\/wp-content\/uploads\/2025\/05\/Location-velo-Joe-Bike-Hossegor-Seignosse-Capbreton--scaled.jpg","datePublished":"2025-06-02T08:00:54+00:00","breadcrumb":{"@id":"https:\/\/www.joebike.fr\/top-5-des-balades-a-velo-a-faire-en-famille-dans-les-landes-et-au-pays-basque\/#breadcrumb"},"inLanguage":"en-GB","potentialAction":[{"@type":"ReadAction","target":["https:\/\/www.joebike.fr\/top-5-des-balades-a-velo-a-faire-en-famille-dans-les-landes-et-au-pays-basque\/"]}]},{"@type":"ImageObject","inLanguage":"en-GB","@id":"https:\/\/www.joebike.fr\/top-5-des-balades-a-velo-a-faire-en-famille-dans-les-landes-et-au-pays-basque\/#primaryimage","url":"https:\/\/www.joebike.fr\/wp-content\/uploads\/2025\/05\/Location-velo-Joe-Bike-Hossegor-Seignosse-Capbreton--scaled.jpg","contentUrl":"https:\/\/www.joebike.fr\/wp-content\/uploads\/2025\/05\/Location-velo-Joe-Bike-Hossegor-Seignosse-Capbreton--scaled.jpg","width":2560,"height":2020},{"@type":"BreadcrumbList","@id":"https:\/\/www.joebike.fr\/top-5-des-balades-a-velo-a-faire-en-famille-dans-les-landes-et-au-pays-basque\/#breadcrumb","itemListElement":[{"@type":"ListItem","position":1,"name":"Accueil","item":"https:\/\/www.joebike.fr\/"},{"@type":"ListItem","position":2,"name":"Top 5 des balades \u00e0 v\u00e9lo \u00e0 faire en famille dans les Landes et au Pays basque"}]},{"@type":"WebSite","@id":"https:\/\/www.joebike.fr\/#website","url":"https:\/\/www.joebike.fr\/","name":"Joe Bike","description":"Bike hire in the Landes, the Basque Country and the Pyrenees","publisher":{"@id":"https:\/\/www.joebike.fr\/#organization"},"potentialAction":[{"@type":"SearchAction","target":{"@type":"EntryPoint","urlTemplate":"https:\/\/www.joebike.fr\/?s={search_term_string}"},"query-input":{"@type":"PropertyValueSpecification","valueRequired":true,"valueName":"search_term_string"}}],"inLanguage":"en-GB"},{"@type":"Organization","@id":"https:\/\/www.joebike.fr\/#organization","name":"Joe Bike, specialist in bike hire","url":"https:\/\/www.joebike.fr\/","logo":{"@type":"ImageObject","inLanguage":"en-GB","@id":"https:\/\/www.joebike.fr\/#\/schema\/logo\/image\/","url":"https:\/\/www.joebike.fr\/wp-content\/uploads\/2022\/04\/LOGO-JB-22_PNG.png","contentUrl":"https:\/\/www.joebike.fr\/wp-content\/uploads\/2022\/04\/LOGO-JB-22_PNG.png","width":473,"height":473,"caption":"Joe Bike, sp\u00e9cialiste en location v\u00e9lo"},"image":{"@id":"https:\/\/www.joebike.fr\/#\/schema\/logo\/image\/"},"sameAs":["https:\/\/www.facebook.com\/joebikefrance","https:\/\/www.instagram.com\/joebikefrance"]},{"@type":"Person","@id":"https:\/\/www.joebike.fr\/#\/schema\/person\/8064fd0373e9e5b86d16d41ce97d4674","name":"joe bike","image":{"@type":"ImageObject","inLanguage":"en-GB","@id":"https:\/\/secure.gravatar.com\/avatar\/7f4f96fc95221c6ed5840c843434d95484ba34b2e8718e2116b04451518ac0d3?s=96&d=mm&r=g","url":"https:\/\/secure.gravatar.com\/avatar\/7f4f96fc95221c6ed5840c843434d95484ba34b2e8718e2116b04451518ac0d3?s=96&d=mm&r=g","contentUrl":"https:\/\/secure.gravatar.com\/avatar\/7f4f96fc95221c6ed5840c843434d95484ba34b2e8718e2116b04451518ac0d3?s=96&d=mm&r=g","caption":"joe bike"},"sameAs":["http:\/\/www.joebike.fr"]}]}},"_links":{"self":[{"href":"https:\/\/www.joebike.fr\/en\/wp-json\/wp\/v2\/posts\/12283","targetHints":{"allow":["GET"]}}],"collection":[{"href":"https:\/\/www.joebike.fr\/en\/wp-json\/wp\/v2\/posts"}],"about":[{"href":"https:\/\/www.joebike.fr\/en\/wp-json\/wp\/v2\/types\/post"}],"author":[{"embeddable":true,"href":"https:\/\/www.joebike.fr\/en\/wp-json\/wp\/v2\/users\/1"}],"replies":[{"embeddable":true,"href":"https:\/\/www.joebike.fr\/en\/wp-json\/wp\/v2\/comments?post=12283"}],"version-history":[{"count":0,"href":"https:\/\/www.joebike.fr\/en\/wp-json\/wp\/v2\/posts\/12283\/revisions"}],"wp:featuredmedia":[{"embeddable":true,"href":"https:\/\/www.joebike.fr\/en\/wp-json\/wp\/v2\/media\/12275"}],"wp:attachment":[{"href":"https:\/\/www.joebike.fr\/en\/wp-json\/wp\/v2\/media?parent=12283"}],"wp:term":[{"taxonomy":"category","embeddable":true,"href":"https:\/\/www.joebike.fr\/en\/wp-json\/wp\/v2\/categories?post=12283"},{"taxonomy":"post_tag","embeddable":true,"href":"https:\/\/www.joebike.fr\/en\/wp-json\/wp\/v2\/tags?post=12283"}],"curies":[{"name":"wp","href":"https:\/\/api.w.org\/{rel}","templated":true}]}}