{"id":14406,"date":"2026-01-19T10:00:57","date_gmt":"2026-01-19T09:00:57","guid":{"rendered":"https:\/\/www.joebike.fr\/?p=14406"},"modified":"2025-12-11T10:47:17","modified_gmt":"2025-12-11T09:47:17","slug":"pourquoi-le-velo-devient-lactivite-incontournable-des-seminaires-dentreprise","status":"publish","type":"post","link":"https:\/\/www.joebike.fr\/en\/pourquoi-le-velo-devient-lactivite-incontournable-des-seminaires-dentreprise\/","title":{"rendered":"Pourquoi le v\u00e9lo devient l\u2019activit\u00e9 incontournable des s\u00e9minaires d\u2019entreprise"},"content":{"rendered":"\t\t<div data-elementor-type=\"wp-post\" data-elementor-id=\"14406\" class=\"elementor elementor-14406\" data-elementor-post-type=\"post\">\n\t\t\t\t<div class=\"elementor-element elementor-element-fd4ee8a e-flex e-con-boxed e-con e-parent\" data-id=\"fd4ee8a\" data-element_type=\"container\" data-e-type=\"container\">\n\t\t\t\t\t<div class=\"e-con-inner\">\n\t\t\t\t<div class=\"elementor-element elementor-element-a936bca elementor-widget elementor-widget-text-editor\" data-id=\"a936bca\" data-element_type=\"widget\" data-e-type=\"widget\" data-widget_type=\"text-editor.default\">\n\t\t\t\t<div class=\"elementor-widget-container\">\n\t\t\t\t\t\t\t\t\t<p><strong>Les s\u00e9minaires d\u2019entreprise ne se limitent plus aux r\u00e9unions classiques ou aux ateliers en salle. Aujourd\u2019hui, les \u00e9quipes recherchent des exp\u00e9riences qui allient coh\u00e9sion, cr\u00e9ativit\u00e9 et bien-\u00eatre. Et c\u2019est l\u00e0 que le v\u00e9lo entre en piste : accessible, dynamique et immersif, il permet de combiner activit\u00e9 physique, d\u00e9couverte du territoire et \u00e9changes informels entre collaborateurs.<\/strong><\/p>\t\t\t\t\t\t\t\t<\/div>\n\t\t\t\t<\/div>\n\t\t\t\t\t<\/div>\n\t\t\t\t<\/div>\n\t\t<div class=\"elementor-element elementor-element-2b47de6 e-flex e-con-boxed e-con e-parent\" data-id=\"2b47de6\" data-element_type=\"container\" data-e-type=\"container\">\n\t\t\t\t\t<div class=\"e-con-inner\">\n\t\t\t\t<div class=\"elementor-element elementor-element-0e320b0 elementor-widget elementor-widget-heading\" data-id=\"0e320b0\" data-element_type=\"widget\" data-e-type=\"widget\" data-widget_type=\"heading.default\">\n\t\t\t\t<div class=\"elementor-widget-container\">\n\t\t\t\t\t<h3 class=\"elementor-heading-title elementor-size-default\">Une activit\u00e9 accessible et f\u00e9d\u00e9ratrice\n<\/h3>\t\t\t\t<\/div>\n\t\t\t\t<\/div>\n\t\t\t\t<div class=\"elementor-element elementor-element-202f223 elementor-widget elementor-widget-text-editor\" data-id=\"202f223\" data-element_type=\"widget\" data-e-type=\"widget\" data-widget_type=\"text-editor.default\">\n\t\t\t\t<div class=\"elementor-widget-container\">\n\t\t\t\t\t\t\t\t\t<p>Avec le v\u00e9lo, et particuli\u00e8rement le v\u00e9lo \u00e9lectrique, chacun peut participer sans pression physique. Cette accessibilit\u00e9 cr\u00e9e un terrain d\u2019\u00e9galit\u00e9 o\u00f9 les barri\u00e8res hi\u00e9rarchiques tombent naturellement. Au fil du parcours, les \u00e9changes deviennent plus fluides et les liens se renforcent.<\/p><p>Loin des bureaux et des \u00e9crans, vos \u00e9quipes profitent du moment pr\u00e9sent : le grand air, les paysages et le rythme de l\u2019activit\u00e9 stimulent l\u2019esprit et rechargent les batteries.<\/p>\t\t\t\t\t\t\t\t<\/div>\n\t\t\t\t<\/div>\n\t\t\t\t<div class=\"elementor-element elementor-element-f93d73a elementor-widget-divider--view-line elementor-widget elementor-widget-divider\" data-id=\"f93d73a\" data-element_type=\"widget\" data-e-type=\"widget\" data-widget_type=\"divider.default\">\n\t\t\t\t<div class=\"elementor-widget-container\">\n\t\t\t\t\t\t\t<div class=\"elementor-divider\">\n\t\t\t<span class=\"elementor-divider-separator\">\n\t\t\t\t\t\t<\/span>\n\t\t<\/div>\n\t\t\t\t\t\t<\/div>\n\t\t\t\t<\/div>\n\t\t\t\t\t<\/div>\n\t\t\t\t<\/div>\n\t\t<div class=\"elementor-element elementor-element-9d55734 e-flex e-con-boxed e-con e-parent\" data-id=\"9d55734\" data-element_type=\"container\" data-e-type=\"container\">\n\t\t\t\t\t<div class=\"e-con-inner\">\n\t\t\t\t<div class=\"elementor-element elementor-element-c9c6fce elementor-widget elementor-widget-heading\" data-id=\"c9c6fce\" data-element_type=\"widget\" data-e-type=\"widget\" data-widget_type=\"heading.default\">\n\t\t\t\t<div class=\"elementor-widget-container\">\n\t\t\t\t\t<h2 class=\"elementor-heading-title elementor-size-default\">D\u00e9couvrir le territoire autrement\n<\/h2>\t\t\t\t<\/div>\n\t\t\t\t<\/div>\n\t\t\t\t<div class=\"elementor-element elementor-element-5fb98a1 elementor-widget elementor-widget-text-editor\" data-id=\"5fb98a1\" data-element_type=\"widget\" data-e-type=\"widget\" data-widget_type=\"text-editor.default\">\n\t\t\t\t<div class=\"elementor-widget-container\">\n\t\t\t\t\t\t\t\t\t<p>Que ce soit dans les Landes ou au Pays Basque, le v\u00e9lo offre une mani\u00e8re unique de d\u00e9couvrir la r\u00e9gion. For\u00eats, oc\u00e9an, villages typiques\u2026 Chaque parcours est une invitation \u00e0 la curiosit\u00e9. Certaines agences locales, comme <strong><a href=\"https:\/\/www.erronda.com\/\" target=\"_blank\" rel=\"noopener\">Erronda<\/a><\/strong> font appel \u00e0 nous pour proposer des <b>s\u00e9minaires \u00e0 v\u00e9lo sur-mesure<\/b> int\u00e9grant cette dimension culturelle et naturelle, une v\u00e9ritable exp\u00e9rience immersive pour d\u00e9couvrir la r\u00e9gion autrement.<\/p>\t\t\t\t\t\t\t\t<\/div>\n\t\t\t\t<\/div>\n\t\t\t\t<div class=\"elementor-element elementor-element-9b6bda6 elementor-widget-divider--view-line elementor-widget elementor-widget-divider\" data-id=\"9b6bda6\" data-element_type=\"widget\" data-e-type=\"widget\" data-widget_type=\"divider.default\">\n\t\t\t\t<div class=\"elementor-widget-container\">\n\t\t\t\t\t\t\t<div class=\"elementor-divider\">\n\t\t\t<span class=\"elementor-divider-separator\">\n\t\t\t\t\t\t<\/span>\n\t\t<\/div>\n\t\t\t\t\t\t<\/div>\n\t\t\t\t<\/div>\n\t\t\t\t\t<\/div>\n\t\t\t\t<\/div>\n\t\t<div class=\"elementor-element elementor-element-e613303 e-flex e-con-boxed e-con e-parent\" data-id=\"e613303\" data-element_type=\"container\" data-e-type=\"container\">\n\t\t\t\t\t<div class=\"e-con-inner\">\n\t\t\t\t<div class=\"elementor-element elementor-element-7e062ff elementor-widget elementor-widget-heading\" data-id=\"7e062ff\" data-element_type=\"widget\" data-e-type=\"widget\" data-widget_type=\"heading.default\">\n\t\t\t\t<div class=\"elementor-widget-container\">\n\t\t\t\t\t<h2 class=\"elementor-heading-title elementor-size-default\">Des activit\u00e9s sur-mesure pour tous les groupes\n<\/h2>\t\t\t\t<\/div>\n\t\t\t\t<\/div>\n\t\t\t\t<div class=\"elementor-element elementor-element-f40f6ad elementor-widget elementor-widget-text-editor\" data-id=\"f40f6ad\" data-element_type=\"widget\" data-e-type=\"widget\" data-widget_type=\"text-editor.default\">\n\t\t\t\t<div class=\"elementor-widget-container\">\n\t\t\t\t\t\t\t\t\tChez Joe Bike, nous nous adaptons \u00e0 vos besoins. Pour un petit groupe ou une grande \u00e9quipe, nous proposons des activit\u00e9s de groupe flexibles et sur-mesure. Nous ajustons le parcours, le rythme et l\u2019encadrement pour que chaque participant profite pleinement de l\u2019exp\u00e9rience, dans un cadre s\u00e9curis\u00e9 et agr\u00e9able.\n\t\t\t\t\t\t\t\t<\/div>\n\t\t\t\t<\/div>\n\t\t\t\t<div class=\"elementor-element elementor-element-0be0650 elementor-widget-divider--view-line elementor-widget elementor-widget-divider\" data-id=\"0be0650\" data-element_type=\"widget\" data-e-type=\"widget\" data-widget_type=\"divider.default\">\n\t\t\t\t<div class=\"elementor-widget-container\">\n\t\t\t\t\t\t\t<div class=\"elementor-divider\">\n\t\t\t<span class=\"elementor-divider-separator\">\n\t\t\t\t\t\t<\/span>\n\t\t<\/div>\n\t\t\t\t\t\t<\/div>\n\t\t\t\t<\/div>\n\t\t\t\t\t<\/div>\n\t\t\t\t<\/div>\n\t\t<div class=\"elementor-element elementor-element-50f5a7c e-flex e-con-boxed e-con e-parent\" data-id=\"50f5a7c\" data-element_type=\"container\" data-e-type=\"container\">\n\t\t\t\t\t<div class=\"e-con-inner\">\n\t\t\t\t<div class=\"elementor-element elementor-element-228ee07 elementor-widget elementor-widget-heading\" data-id=\"228ee07\" data-element_type=\"widget\" data-e-type=\"widget\" data-widget_type=\"heading.default\">\n\t\t\t\t<div class=\"elementor-widget-container\">\n\t\t\t\t\t<h2 class=\"elementor-heading-title elementor-size-default\">Renforcer la coh\u00e9sion naturellement\n<\/h2>\t\t\t\t<\/div>\n\t\t\t\t<\/div>\n\t\t\t\t<div class=\"elementor-element elementor-element-caf8697 elementor-widget elementor-widget-text-editor\" data-id=\"caf8697\" data-element_type=\"widget\" data-e-type=\"widget\" data-widget_type=\"text-editor.default\">\n\t\t\t\t<div class=\"elementor-widget-container\">\n\t\t\t\t\t\t\t\t\tLe v\u00e9lo cr\u00e9e des moments simples mais puissants pour renforcer les liens : encouragements dans les c\u00f4tes, pauses partag\u00e9es face \u00e0 un panorama, discussions informelles en p\u00e9dalant\u2026 Ces instants favorisent la coh\u00e9sion de mani\u00e8re naturelle. Aujourd\u2019hui, de plus en plus d\u2019entreprises valorisent le bien-\u00eatre, la mobilit\u00e9 douce et la responsabilit\u00e9 environnementale. Le v\u00e9lo coche toutes ces cases : activit\u00e9 physique douce, respect de l\u2019environnement, engagement des \u00e9quipes et plaisir partag\u00e9.\n\t\t\t\t\t\t\t\t<\/div>\n\t\t\t\t<\/div>\n\t\t\t\t<div class=\"elementor-element elementor-element-6180211 elementor-widget-divider--view-line elementor-widget elementor-widget-divider\" data-id=\"6180211\" data-element_type=\"widget\" data-e-type=\"widget\" data-widget_type=\"divider.default\">\n\t\t\t\t<div class=\"elementor-widget-container\">\n\t\t\t\t\t\t\t<div class=\"elementor-divider\">\n\t\t\t<span class=\"elementor-divider-separator\">\n\t\t\t\t\t\t<\/span>\n\t\t<\/div>\n\t\t\t\t\t\t<\/div>\n\t\t\t\t<\/div>\n\t\t\t\t\t<\/div>\n\t\t\t\t<\/div>\n\t\t<div class=\"elementor-element elementor-element-52786ec e-flex e-con-boxed e-con e-parent\" data-id=\"52786ec\" data-element_type=\"container\" data-e-type=\"container\">\n\t\t\t\t\t<div class=\"e-con-inner\">\n\t\t\t\t<div class=\"elementor-element elementor-element-6a1c45c elementor-widget elementor-widget-heading\" data-id=\"6a1c45c\" data-element_type=\"widget\" data-e-type=\"widget\" data-widget_type=\"heading.default\">\n\t\t\t\t<div class=\"elementor-widget-container\">\n\t\t\t\t\t<h2 class=\"elementor-heading-title elementor-size-default\">Une organisation simplifi\u00e9e avec Joe Bike\n<\/h2>\t\t\t\t<\/div>\n\t\t\t\t<\/div>\n\t\t\t\t<div class=\"elementor-element elementor-element-27b4ae3 elementor-widget elementor-widget-text-editor\" data-id=\"27b4ae3\" data-element_type=\"widget\" data-e-type=\"widget\" data-widget_type=\"text-editor.default\">\n\t\t\t\t<div class=\"elementor-widget-container\">\n\t\t\t\t\t\t\t\t\tOrganiser un s\u00e9minaire \u00e0 v\u00e9lo peut sembler complexe, mais nous nous occupons de tout : choix du parcours, location des v\u00e9los, encadrement et accompagnement du groupe. Votre mission ? Profiter d\u2019un s\u00e9minaire fluide, agr\u00e9able et m\u00e9morable, sans stress logistique.\n\nEn r\u00e9sum\u00e9, le v\u00e9lo rassemble tout ce que recherchent les entreprises aujourd\u2019hui : coh\u00e9sion, d\u00e9connexion, immersion, valeurs partag\u00e9es. Simple \u00e0 mettre en place, il transforme un s\u00e9minaire classique en un moment marquant, tout en valorisant le territoire, les acteurs locaux et des partenaires.\t\t\t\t\t\t\t\t<\/div>\n\t\t\t\t<\/div>\n\t\t\t\t\t<\/div>\n\t\t\t\t<\/div>\n\t\t<div class=\"elementor-element elementor-element-69c4a87 e-flex e-con-boxed e-con e-parent\" data-id=\"69c4a87\" data-element_type=\"container\" data-e-type=\"container\" data-settings=\"{&quot;background_background&quot;:&quot;classic&quot;}\">\n\t\t\t\t\t<div class=\"e-con-inner\">\n\t\t<div class=\"elementor-element elementor-element-732d219 e-con-full e-flex e-con e-child\" data-id=\"732d219\" data-element_type=\"container\" data-e-type=\"container\">\n\t\t\t\t<div class=\"elementor-element elementor-element-fd3504b elementor-widget elementor-widget-menu-anchor\" data-id=\"fd3504b\" data-element_type=\"widget\" data-e-type=\"widget\" data-widget_type=\"menu-anchor.default\">\n\t\t\t\t<div class=\"elementor-widget-container\">\n\t\t\t\t\t\t\t<div class=\"elementor-menu-anchor\" id=\"contact\"><\/div>\n\t\t\t\t\t\t<\/div>\n\t\t\t\t<\/div>\n\t\t\t\t<div class=\"elementor-element elementor-element-56d365b elementor-widget elementor-widget-heading\" data-id=\"56d365b\" data-element_type=\"widget\" data-e-type=\"widget\" data-widget_type=\"heading.default\">\n\t\t\t\t<div class=\"elementor-widget-container\">\n\t\t\t\t\t<h2 class=\"elementor-heading-title elementor-size-default\">Envie d'organiser un s\u00e9minaire ?<\/h2>\t\t\t\t<\/div>\n\t\t\t\t<\/div>\n\t\t\t\t<\/div>\n\t\t\t\t\t<\/div>\n\t\t\t\t<\/div>\n\t\t<div class=\"elementor-element elementor-element-0800c4d e-flex e-con-boxed e-con e-parent\" data-id=\"0800c4d\" data-element_type=\"container\" data-e-type=\"container\" data-settings=\"{&quot;background_background&quot;:&quot;classic&quot;}\">\n\t\t\t\t\t<div class=\"e-con-inner\">\n\t\t<div class=\"elementor-element elementor-element-2976cea e-con-full e-flex e-con e-child\" data-id=\"2976cea\" data-element_type=\"container\" data-e-type=\"container\">\n\t\t<div class=\"elementor-element elementor-element-58ee247 e-con-full e-flex e-con e-child\" data-id=\"58ee247\" data-element_type=\"container\" data-e-type=\"container\">\n\t\t\t\t<div class=\"elementor-element elementor-element-e18f372 elementor-button-align-stretch elementor-widget elementor-widget-form\" data-id=\"e18f372\" data-element_type=\"widget\" data-e-type=\"widget\" data-settings=\"{&quot;step_next_label&quot;:&quot;Suivant&quot;,&quot;step_previous_label&quot;:&quot;Pr\\u00e9c\\u00e9dent&quot;,&quot;button_width&quot;:&quot;100&quot;,&quot;step_type&quot;:&quot;number_text&quot;,&quot;step_icon_shape&quot;:&quot;circle&quot;}\" data-widget_type=\"form.default\">\n\t\t\t\t<div class=\"elementor-widget-container\">\n\t\t\t\t\t\t\t<form class=\"elementor-form\" method=\"post\" name=\"Formulaire Joe Bike Travel\" aria-label=\"Formulaire Joe Bike Travel\">\n\t\t\t<input type=\"hidden\" name=\"post_id\" value=\"14406\"\/>\n\t\t\t<input type=\"hidden\" name=\"form_id\" value=\"e18f372\"\/>\n\t\t\t<input type=\"hidden\" name=\"referer_title\" value=\"Pourquoi le v\u00e9lo devient l\u2019activit\u00e9 incontournable des s\u00e9minaires d\u2019entreprise\" \/>\n\n\t\t\t\t\t\t\t<input type=\"hidden\" name=\"queried_id\" value=\"14406\"\/>\n\t\t\t\n\t\t\t<div class=\"elementor-form-fields-wrapper elementor-labels-above\">\n\t\t\t\t\t\t\t\t<div class=\"elementor-field-type-text elementor-field-group elementor-column elementor-field-group-name elementor-col-50 elementor-field-required\">\n\t\t\t\t\t\t\t\t\t\t\t\t<label for=\"form-field-name\" class=\"elementor-field-label\">\n\t\t\t\t\t\t\t\tNom de votre entreprise \/ collectivit\u00e9 \/ association ...\t\t\t\t\t\t\t<\/label>\n\t\t\t\t\t\t\t\t\t\t\t\t\t\t<input size=\"1\" type=\"text\" name=\"form_fields[name]\" id=\"form-field-name\" class=\"elementor-field elementor-size-sm  elementor-field-textual\" required=\"required\">\n\t\t\t\t\t\t\t\t\t\t\t<\/div>\n\t\t\t\t\t\t\t\t<div class=\"elementor-field-type-text elementor-field-group elementor-column elementor-field-group-email elementor-col-50 elementor-field-required\">\n\t\t\t\t\t\t\t\t\t\t\t\t<label for=\"form-field-email\" class=\"elementor-field-label\">\n\t\t\t\t\t\t\t\tNom et pr\u00e9nom\t\t\t\t\t\t\t<\/label>\n\t\t\t\t\t\t\t\t\t\t\t\t\t\t<input size=\"1\" type=\"text\" name=\"form_fields[email]\" id=\"form-field-email\" class=\"elementor-field elementor-size-sm  elementor-field-textual\" required=\"required\">\n\t\t\t\t\t\t\t\t\t\t\t<\/div>\n\t\t\t\t\t\t\t\t<div class=\"elementor-field-type-email elementor-field-group elementor-column elementor-field-group-field_3b1ed3f elementor-col-50 elementor-field-required\">\n\t\t\t\t\t\t\t\t\t\t\t\t<label for=\"form-field-field_3b1ed3f\" class=\"elementor-field-label\">\n\t\t\t\t\t\t\t\tEmail\t\t\t\t\t\t\t<\/label>\n\t\t\t\t\t\t\t\t\t\t\t\t\t\t<input size=\"1\" type=\"email\" name=\"form_fields[field_3b1ed3f]\" id=\"form-field-field_3b1ed3f\" class=\"elementor-field elementor-size-sm  elementor-field-textual\" required=\"required\">\n\t\t\t\t\t\t\t\t\t\t\t<\/div>\n\t\t\t\t\t\t\t\t<div class=\"elementor-field-type-tel elementor-field-group elementor-column elementor-field-group-field_cbf1a46 elementor-col-50 elementor-field-required\">\n\t\t\t\t\t\t\t\t\t\t\t\t<label for=\"form-field-field_cbf1a46\" class=\"elementor-field-label\">\n\t\t\t\t\t\t\t\tT\u00e9l\u00e9phone \t\t\t\t\t\t\t<\/label>\n\t\t\t\t\t\t\t\t<input size=\"1\" type=\"tel\" name=\"form_fields[field_cbf1a46]\" id=\"form-field-field_cbf1a46\" class=\"elementor-field elementor-size-sm  elementor-field-textual\" required=\"required\" pattern=\"[0-9()#&amp;+*-=.]+\" title=\"Only numbers and phone characters (#, -, *, etc) are accepted.\">\n\n\t\t\t\t\t\t<\/div>\n\t\t\t\t\t\t\t\t<div class=\"elementor-field-type-text elementor-field-group elementor-column elementor-field-group-field_624a672 elementor-col-50 elementor-field-required\">\n\t\t\t\t\t\t\t\t\t\t\t\t<label for=\"form-field-field_624a672\" class=\"elementor-field-label\">\n\t\t\t\t\t\t\t\tLieu de votre s\u00e9minaire\t\t\t\t\t\t\t<\/label>\n\t\t\t\t\t\t\t\t\t\t\t\t\t\t<input size=\"1\" type=\"text\" name=\"form_fields[field_624a672]\" id=\"form-field-field_624a672\" class=\"elementor-field elementor-size-sm  elementor-field-textual\" required=\"required\">\n\t\t\t\t\t\t\t\t\t\t\t<\/div>\n\t\t\t\t\t\t\t\t<div class=\"elementor-field-type-date elementor-field-group elementor-column elementor-field-group-field_8ac873d elementor-col-50 elementor-field-required\">\n\t\t\t\t\t\t\t\t\t\t\t\t<label for=\"form-field-field_8ac873d\" class=\"elementor-field-label\">\n\t\t\t\t\t\t\t\tDate du s\u00e9minaire\t\t\t\t\t\t\t<\/label>\n\t\t\t\t\t\t\n\t\t<input type=\"date\" name=\"form_fields[field_8ac873d]\" id=\"form-field-field_8ac873d\" class=\"elementor-field elementor-size-sm  elementor-field-textual elementor-date-field\" required=\"required\" pattern=\"[0-9]{4}-[0-9]{2}-[0-9]{2}\">\n\t\t\t\t\t\t<\/div>\n\t\t\t\t\t\t\t\t<div class=\"elementor-field-type-textarea elementor-field-group elementor-column elementor-field-group-message elementor-col-100\">\n\t\t\t\t\t\t\t\t\t\t\t\t<label for=\"form-field-message\" class=\"elementor-field-label\">\n\t\t\t\t\t\t\t\tDites nous en plus \t\t\t\t\t\t\t<\/label>\n\t\t\t\t\t\t<textarea class=\"elementor-field-textual elementor-field  elementor-size-sm\" name=\"form_fields[message]\" id=\"form-field-message\" rows=\"4\"><\/textarea>\t\t\t\t<\/div>\n\t\t\t\t\t\t\t\t<div class=\"elementor-field-group elementor-column elementor-field-type-submit elementor-col-100 e-form__buttons\">\n\t\t\t\t\t<button class=\"elementor-button elementor-size-sm\" type=\"submit\">\n\t\t\t\t\t\t<span class=\"elementor-button-content-wrapper\">\n\t\t\t\t\t\t\t\t\t\t\t\t\t\t\t\t\t\t\t\t\t\t<span class=\"elementor-button-text\">Envoyer une demande de groupe<\/span>\n\t\t\t\t\t\t\t\t\t\t\t\t\t<\/span>\n\t\t\t\t\t<\/button>\n\t\t\t\t<\/div>\n\t\t\t<\/div>\n\t\t<\/form>\n\t\t\t\t\t\t<\/div>\n\t\t\t\t<\/div>\n\t\t\t\t<\/div>\n\t\t\t\t<\/div>\n\t\t\t\t\t<\/div>\n\t\t\t\t<\/div>\n\t\t\t\t<\/div>\n\t\t","protected":false},"excerpt":{"rendered":"<p>Les s\u00e9minaires d\u2019entreprise ne se limitent plus aux r\u00e9unions classiques ou aux ateliers en salle. Aujourd\u2019hui, les \u00e9quipes recherchent des exp\u00e9riences qui allient coh\u00e9sion, cr\u00e9ativit\u00e9 et bien-\u00eatre. Et c\u2019est l\u00e0 que le v\u00e9lo entre en piste : accessible, dynamique et immersif, il permet de combiner activit\u00e9 physique, d\u00e9couverte du territoire et \u00e9changes informels entre collaborateurs. [&hellip;]<\/p>\n","protected":false},"author":1,"featured_media":14409,"comment_status":"closed","ping_status":"closed","sticky":false,"template":"","format":"standard","meta":{"_acf_changed":false,"footnotes":""},"categories":[1],"tags":[],"class_list":["post-14406","post","type-post","status-publish","format-standard","has-post-thumbnail","hentry","category-non-classe"],"acf":[],"yoast_head":"<!-- This site is optimized with the Yoast SEO Premium plugin v26.6 (Yoast SEO v27.5) - https:\/\/yoast.com\/product\/yoast-seo-premium-wordpress\/ -->\n<title>Pourquoi le v\u00e9lo devient l\u2019activit\u00e9 incontournable des s\u00e9minaires d\u2019entreprise<\/title>\n<meta name=\"description\" content=\"Garder le moral en automne ? Le v\u00e9lo est un vrai antidote au blues saisonnier : bienfaits physiques, mentaux et bonnes ondes garanties.\" \/>\n<meta name=\"robots\" content=\"index, follow, max-snippet:-1, max-image-preview:large, max-video-preview:-1\" \/>\n<link rel=\"canonical\" href=\"https:\/\/www.joebike.fr\/en\/pourquoi-le-velo-devient-lactivite-incontournable-des-seminaires-dentreprise\/\" \/>\n<meta property=\"og:locale\" content=\"en_GB\" \/>\n<meta property=\"og:type\" content=\"article\" \/>\n<meta property=\"og:title\" content=\"Pourquoi le v\u00e9lo devient l\u2019activit\u00e9 incontournable des s\u00e9minaires d\u2019entreprise\" \/>\n<meta property=\"og:description\" content=\"Garder le moral en automne ? Le v\u00e9lo est un vrai antidote au blues saisonnier : bienfaits physiques, mentaux et bonnes ondes garanties.\" \/>\n<meta property=\"og:url\" content=\"https:\/\/www.joebike.fr\/en\/pourquoi-le-velo-devient-lactivite-incontournable-des-seminaires-dentreprise\/\" \/>\n<meta property=\"og:site_name\" content=\"Joe Bike\" \/>\n<meta property=\"article:publisher\" content=\"https:\/\/www.facebook.com\/joebikefrance\" \/>\n<meta property=\"article:published_time\" content=\"2026-01-19T09:00:57+00:00\" \/>\n<meta property=\"og:image\" content=\"https:\/\/www.joebike.fr\/wp-content\/uploads\/2025\/12\/Seminaire-Joe-Bike-Erronda.jpg\" \/>\n\t<meta property=\"og:image:width\" content=\"1440\" \/>\n\t<meta property=\"og:image:height\" content=\"1080\" \/>\n\t<meta property=\"og:image:type\" content=\"image\/jpeg\" \/>\n<meta name=\"author\" content=\"joe bike\" \/>\n<meta name=\"twitter:card\" content=\"summary_large_image\" \/>\n<script type=\"application\/ld+json\" class=\"yoast-schema-graph\">{\"@context\":\"https:\\\/\\\/schema.org\",\"@graph\":[{\"@type\":\"Article\",\"@id\":\"https:\\\/\\\/www.joebike.fr\\\/pourquoi-le-velo-devient-lactivite-incontournable-des-seminaires-dentreprise\\\/#article\",\"isPartOf\":{\"@id\":\"https:\\\/\\\/www.joebike.fr\\\/pourquoi-le-velo-devient-lactivite-incontournable-des-seminaires-dentreprise\\\/\"},\"author\":{\"name\":\"joe bike\",\"@id\":\"https:\\\/\\\/www.joebike.fr\\\/#\\\/schema\\\/person\\\/8064fd0373e9e5b86d16d41ce97d4674\"},\"headline\":\"Pourquoi le v\u00e9lo devient l\u2019activit\u00e9 incontournable des s\u00e9minaires d\u2019entreprise\",\"datePublished\":\"2026-01-19T09:00:57+00:00\",\"mainEntityOfPage\":{\"@id\":\"https:\\\/\\\/www.joebike.fr\\\/pourquoi-le-velo-devient-lactivite-incontournable-des-seminaires-dentreprise\\\/\"},\"wordCount\":490,\"publisher\":{\"@id\":\"https:\\\/\\\/www.joebike.fr\\\/#organization\"},\"image\":{\"@id\":\"https:\\\/\\\/www.joebike.fr\\\/pourquoi-le-velo-devient-lactivite-incontournable-des-seminaires-dentreprise\\\/#primaryimage\"},\"thumbnailUrl\":\"https:\\\/\\\/www.joebike.fr\\\/wp-content\\\/uploads\\\/2025\\\/12\\\/Seminaire-Joe-Bike-Erronda.jpg\",\"articleSection\":[\"Non class\u00e9\"],\"inLanguage\":\"en-GB\"},{\"@type\":\"WebPage\",\"@id\":\"https:\\\/\\\/www.joebike.fr\\\/pourquoi-le-velo-devient-lactivite-incontournable-des-seminaires-dentreprise\\\/\",\"url\":\"https:\\\/\\\/www.joebike.fr\\\/pourquoi-le-velo-devient-lactivite-incontournable-des-seminaires-dentreprise\\\/\",\"name\":\"Pourquoi le v\u00e9lo devient l\u2019activit\u00e9 incontournable des s\u00e9minaires d\u2019entreprise\",\"isPartOf\":{\"@id\":\"https:\\\/\\\/www.joebike.fr\\\/#website\"},\"primaryImageOfPage\":{\"@id\":\"https:\\\/\\\/www.joebike.fr\\\/pourquoi-le-velo-devient-lactivite-incontournable-des-seminaires-dentreprise\\\/#primaryimage\"},\"image\":{\"@id\":\"https:\\\/\\\/www.joebike.fr\\\/pourquoi-le-velo-devient-lactivite-incontournable-des-seminaires-dentreprise\\\/#primaryimage\"},\"thumbnailUrl\":\"https:\\\/\\\/www.joebike.fr\\\/wp-content\\\/uploads\\\/2025\\\/12\\\/Seminaire-Joe-Bike-Erronda.jpg\",\"datePublished\":\"2026-01-19T09:00:57+00:00\",\"description\":\"Garder le moral en automne ? Le v\u00e9lo est un vrai antidote au blues saisonnier : bienfaits physiques, mentaux et bonnes ondes garanties.\",\"breadcrumb\":{\"@id\":\"https:\\\/\\\/www.joebike.fr\\\/pourquoi-le-velo-devient-lactivite-incontournable-des-seminaires-dentreprise\\\/#breadcrumb\"},\"inLanguage\":\"en-GB\",\"potentialAction\":[{\"@type\":\"ReadAction\",\"target\":[\"https:\\\/\\\/www.joebike.fr\\\/pourquoi-le-velo-devient-lactivite-incontournable-des-seminaires-dentreprise\\\/\"]}]},{\"@type\":\"ImageObject\",\"inLanguage\":\"en-GB\",\"@id\":\"https:\\\/\\\/www.joebike.fr\\\/pourquoi-le-velo-devient-lactivite-incontournable-des-seminaires-dentreprise\\\/#primaryimage\",\"url\":\"https:\\\/\\\/www.joebike.fr\\\/wp-content\\\/uploads\\\/2025\\\/12\\\/Seminaire-Joe-Bike-Erronda.jpg\",\"contentUrl\":\"https:\\\/\\\/www.joebike.fr\\\/wp-content\\\/uploads\\\/2025\\\/12\\\/Seminaire-Joe-Bike-Erronda.jpg\",\"width\":1440,\"height\":1080},{\"@type\":\"BreadcrumbList\",\"@id\":\"https:\\\/\\\/www.joebike.fr\\\/pourquoi-le-velo-devient-lactivite-incontournable-des-seminaires-dentreprise\\\/#breadcrumb\",\"itemListElement\":[{\"@type\":\"ListItem\",\"position\":1,\"name\":\"Accueil\",\"item\":\"https:\\\/\\\/www.joebike.fr\\\/\"},{\"@type\":\"ListItem\",\"position\":2,\"name\":\"Pourquoi le v\u00e9lo devient l\u2019activit\u00e9 incontournable des s\u00e9minaires d\u2019entreprise\"}]},{\"@type\":\"WebSite\",\"@id\":\"https:\\\/\\\/www.joebike.fr\\\/#website\",\"url\":\"https:\\\/\\\/www.joebike.fr\\\/\",\"name\":\"Joe Bike\",\"description\":\"Location de v\u00e9lo dans les Landes, le Pays Basque et les Pyr\u00e9n\u00e9es\",\"publisher\":{\"@id\":\"https:\\\/\\\/www.joebike.fr\\\/#organization\"},\"potentialAction\":[{\"@type\":\"SearchAction\",\"target\":{\"@type\":\"EntryPoint\",\"urlTemplate\":\"https:\\\/\\\/www.joebike.fr\\\/?s={search_term_string}\"},\"query-input\":{\"@type\":\"PropertyValueSpecification\",\"valueRequired\":true,\"valueName\":\"search_term_string\"}}],\"inLanguage\":\"en-GB\"},{\"@type\":\"Organization\",\"@id\":\"https:\\\/\\\/www.joebike.fr\\\/#organization\",\"name\":\"Joe Bike, sp\u00e9cialiste en location v\u00e9lo\",\"url\":\"https:\\\/\\\/www.joebike.fr\\\/\",\"logo\":{\"@type\":\"ImageObject\",\"inLanguage\":\"en-GB\",\"@id\":\"https:\\\/\\\/www.joebike.fr\\\/#\\\/schema\\\/logo\\\/image\\\/\",\"url\":\"https:\\\/\\\/www.joebike.fr\\\/wp-content\\\/uploads\\\/2022\\\/04\\\/LOGO-JB-22_PNG.png\",\"contentUrl\":\"https:\\\/\\\/www.joebike.fr\\\/wp-content\\\/uploads\\\/2022\\\/04\\\/LOGO-JB-22_PNG.png\",\"width\":473,\"height\":473,\"caption\":\"Joe Bike, sp\u00e9cialiste en location v\u00e9lo\"},\"image\":{\"@id\":\"https:\\\/\\\/www.joebike.fr\\\/#\\\/schema\\\/logo\\\/image\\\/\"},\"sameAs\":[\"https:\\\/\\\/www.facebook.com\\\/joebikefrance\",\"https:\\\/\\\/www.instagram.com\\\/joebikefrance\"]},{\"@type\":\"Person\",\"@id\":\"https:\\\/\\\/www.joebike.fr\\\/#\\\/schema\\\/person\\\/8064fd0373e9e5b86d16d41ce97d4674\",\"name\":\"joe bike\",\"image\":{\"@type\":\"ImageObject\",\"inLanguage\":\"en-GB\",\"@id\":\"https:\\\/\\\/secure.gravatar.com\\\/avatar\\\/7f4f96fc95221c6ed5840c843434d95484ba34b2e8718e2116b04451518ac0d3?s=96&d=mm&r=g\",\"url\":\"https:\\\/\\\/secure.gravatar.com\\\/avatar\\\/7f4f96fc95221c6ed5840c843434d95484ba34b2e8718e2116b04451518ac0d3?s=96&d=mm&r=g\",\"contentUrl\":\"https:\\\/\\\/secure.gravatar.com\\\/avatar\\\/7f4f96fc95221c6ed5840c843434d95484ba34b2e8718e2116b04451518ac0d3?s=96&d=mm&r=g\",\"caption\":\"joe bike\"},\"sameAs\":[\"http:\\\/\\\/www.joebike.fr\"]}]}<\/script>\n<!-- \/ Yoast SEO Premium plugin. -->","yoast_head_json":{"title":"Pourquoi le v\u00e9lo devient l\u2019activit\u00e9 incontournable des s\u00e9minaires d\u2019entreprise","description":"Garder le moral en automne ? Le v\u00e9lo est un vrai antidote au blues saisonnier : bienfaits physiques, mentaux et bonnes ondes garanties.","robots":{"index":"index","follow":"follow","max-snippet":"max-snippet:-1","max-image-preview":"max-image-preview:large","max-video-preview":"max-video-preview:-1"},"canonical":"https:\/\/www.joebike.fr\/en\/pourquoi-le-velo-devient-lactivite-incontournable-des-seminaires-dentreprise\/","og_locale":"en_GB","og_type":"article","og_title":"Pourquoi le v\u00e9lo devient l\u2019activit\u00e9 incontournable des s\u00e9minaires d\u2019entreprise","og_description":"Garder le moral en automne ? Le v\u00e9lo est un vrai antidote au blues saisonnier : bienfaits physiques, mentaux et bonnes ondes garanties.","og_url":"https:\/\/www.joebike.fr\/en\/pourquoi-le-velo-devient-lactivite-incontournable-des-seminaires-dentreprise\/","og_site_name":"Joe Bike","article_publisher":"https:\/\/www.facebook.com\/joebikefrance","article_published_time":"2026-01-19T09:00:57+00:00","og_image":[{"width":1440,"height":1080,"url":"https:\/\/www.joebike.fr\/wp-content\/uploads\/2025\/12\/Seminaire-Joe-Bike-Erronda.jpg","type":"image\/jpeg"}],"author":"joe bike","twitter_card":"summary_large_image","schema":{"@context":"https:\/\/schema.org","@graph":[{"@type":"Article","@id":"https:\/\/www.joebike.fr\/pourquoi-le-velo-devient-lactivite-incontournable-des-seminaires-dentreprise\/#article","isPartOf":{"@id":"https:\/\/www.joebike.fr\/pourquoi-le-velo-devient-lactivite-incontournable-des-seminaires-dentreprise\/"},"author":{"name":"joe bike","@id":"https:\/\/www.joebike.fr\/#\/schema\/person\/8064fd0373e9e5b86d16d41ce97d4674"},"headline":"Pourquoi le v\u00e9lo devient l\u2019activit\u00e9 incontournable des s\u00e9minaires d\u2019entreprise","datePublished":"2026-01-19T09:00:57+00:00","mainEntityOfPage":{"@id":"https:\/\/www.joebike.fr\/pourquoi-le-velo-devient-lactivite-incontournable-des-seminaires-dentreprise\/"},"wordCount":490,"publisher":{"@id":"https:\/\/www.joebike.fr\/#organization"},"image":{"@id":"https:\/\/www.joebike.fr\/pourquoi-le-velo-devient-lactivite-incontournable-des-seminaires-dentreprise\/#primaryimage"},"thumbnailUrl":"https:\/\/www.joebike.fr\/wp-content\/uploads\/2025\/12\/Seminaire-Joe-Bike-Erronda.jpg","articleSection":["Non class\u00e9"],"inLanguage":"en-GB"},{"@type":"WebPage","@id":"https:\/\/www.joebike.fr\/pourquoi-le-velo-devient-lactivite-incontournable-des-seminaires-dentreprise\/","url":"https:\/\/www.joebike.fr\/pourquoi-le-velo-devient-lactivite-incontournable-des-seminaires-dentreprise\/","name":"Pourquoi le v\u00e9lo devient l\u2019activit\u00e9 incontournable des s\u00e9minaires d\u2019entreprise","isPartOf":{"@id":"https:\/\/www.joebike.fr\/#website"},"primaryImageOfPage":{"@id":"https:\/\/www.joebike.fr\/pourquoi-le-velo-devient-lactivite-incontournable-des-seminaires-dentreprise\/#primaryimage"},"image":{"@id":"https:\/\/www.joebike.fr\/pourquoi-le-velo-devient-lactivite-incontournable-des-seminaires-dentreprise\/#primaryimage"},"thumbnailUrl":"https:\/\/www.joebike.fr\/wp-content\/uploads\/2025\/12\/Seminaire-Joe-Bike-Erronda.jpg","datePublished":"2026-01-19T09:00:57+00:00","description":"Garder le moral en automne ? Le v\u00e9lo est un vrai antidote au blues saisonnier : bienfaits physiques, mentaux et bonnes ondes garanties.","breadcrumb":{"@id":"https:\/\/www.joebike.fr\/pourquoi-le-velo-devient-lactivite-incontournable-des-seminaires-dentreprise\/#breadcrumb"},"inLanguage":"en-GB","potentialAction":[{"@type":"ReadAction","target":["https:\/\/www.joebike.fr\/pourquoi-le-velo-devient-lactivite-incontournable-des-seminaires-dentreprise\/"]}]},{"@type":"ImageObject","inLanguage":"en-GB","@id":"https:\/\/www.joebike.fr\/pourquoi-le-velo-devient-lactivite-incontournable-des-seminaires-dentreprise\/#primaryimage","url":"https:\/\/www.joebike.fr\/wp-content\/uploads\/2025\/12\/Seminaire-Joe-Bike-Erronda.jpg","contentUrl":"https:\/\/www.joebike.fr\/wp-content\/uploads\/2025\/12\/Seminaire-Joe-Bike-Erronda.jpg","width":1440,"height":1080},{"@type":"BreadcrumbList","@id":"https:\/\/www.joebike.fr\/pourquoi-le-velo-devient-lactivite-incontournable-des-seminaires-dentreprise\/#breadcrumb","itemListElement":[{"@type":"ListItem","position":1,"name":"Accueil","item":"https:\/\/www.joebike.fr\/"},{"@type":"ListItem","position":2,"name":"Pourquoi le v\u00e9lo devient l\u2019activit\u00e9 incontournable des s\u00e9minaires d\u2019entreprise"}]},{"@type":"WebSite","@id":"https:\/\/www.joebike.fr\/#website","url":"https:\/\/www.joebike.fr\/","name":"Joe Bike","description":"Bike hire in the Landes, the Basque Country and the Pyrenees","publisher":{"@id":"https:\/\/www.joebike.fr\/#organization"},"potentialAction":[{"@type":"SearchAction","target":{"@type":"EntryPoint","urlTemplate":"https:\/\/www.joebike.fr\/?s={search_term_string}"},"query-input":{"@type":"PropertyValueSpecification","valueRequired":true,"valueName":"search_term_string"}}],"inLanguage":"en-GB"},{"@type":"Organization","@id":"https:\/\/www.joebike.fr\/#organization","name":"Joe Bike, specialist in bike hire","url":"https:\/\/www.joebike.fr\/","logo":{"@type":"ImageObject","inLanguage":"en-GB","@id":"https:\/\/www.joebike.fr\/#\/schema\/logo\/image\/","url":"https:\/\/www.joebike.fr\/wp-content\/uploads\/2022\/04\/LOGO-JB-22_PNG.png","contentUrl":"https:\/\/www.joebike.fr\/wp-content\/uploads\/2022\/04\/LOGO-JB-22_PNG.png","width":473,"height":473,"caption":"Joe Bike, sp\u00e9cialiste en location v\u00e9lo"},"image":{"@id":"https:\/\/www.joebike.fr\/#\/schema\/logo\/image\/"},"sameAs":["https:\/\/www.facebook.com\/joebikefrance","https:\/\/www.instagram.com\/joebikefrance"]},{"@type":"Person","@id":"https:\/\/www.joebike.fr\/#\/schema\/person\/8064fd0373e9e5b86d16d41ce97d4674","name":"joe bike","image":{"@type":"ImageObject","inLanguage":"en-GB","@id":"https:\/\/secure.gravatar.com\/avatar\/7f4f96fc95221c6ed5840c843434d95484ba34b2e8718e2116b04451518ac0d3?s=96&d=mm&r=g","url":"https:\/\/secure.gravatar.com\/avatar\/7f4f96fc95221c6ed5840c843434d95484ba34b2e8718e2116b04451518ac0d3?s=96&d=mm&r=g","contentUrl":"https:\/\/secure.gravatar.com\/avatar\/7f4f96fc95221c6ed5840c843434d95484ba34b2e8718e2116b04451518ac0d3?s=96&d=mm&r=g","caption":"joe bike"},"sameAs":["http:\/\/www.joebike.fr"]}]}},"_links":{"self":[{"href":"https:\/\/www.joebike.fr\/en\/wp-json\/wp\/v2\/posts\/14406","targetHints":{"allow":["GET"]}}],"collection":[{"href":"https:\/\/www.joebike.fr\/en\/wp-json\/wp\/v2\/posts"}],"about":[{"href":"https:\/\/www.joebike.fr\/en\/wp-json\/wp\/v2\/types\/post"}],"author":[{"embeddable":true,"href":"https:\/\/www.joebike.fr\/en\/wp-json\/wp\/v2\/users\/1"}],"replies":[{"embeddable":true,"href":"https:\/\/www.joebike.fr\/en\/wp-json\/wp\/v2\/comments?post=14406"}],"version-history":[{"count":0,"href":"https:\/\/www.joebike.fr\/en\/wp-json\/wp\/v2\/posts\/14406\/revisions"}],"wp:featuredmedia":[{"embeddable":true,"href":"https:\/\/www.joebike.fr\/en\/wp-json\/wp\/v2\/media\/14409"}],"wp:attachment":[{"href":"https:\/\/www.joebike.fr\/en\/wp-json\/wp\/v2\/media?parent=14406"}],"wp:term":[{"taxonomy":"category","embeddable":true,"href":"https:\/\/www.joebike.fr\/en\/wp-json\/wp\/v2\/categories?post=14406"},{"taxonomy":"post_tag","embeddable":true,"href":"https:\/\/www.joebike.fr\/en\/wp-json\/wp\/v2\/tags?post=14406"}],"curies":[{"name":"wp","href":"https:\/\/api.w.org\/{rel}","templated":true}]}}