{"id":14736,"date":"2026-01-12T10:00:13","date_gmt":"2026-01-12T09:00:13","guid":{"rendered":"https:\/\/www.joebike.fr\/?p=14736"},"modified":"2026-01-07T15:53:26","modified_gmt":"2026-01-07T14:53:26","slug":"entretenir-votre-velo-en-hiver-les-bons-reflexes-a-adopter","status":"publish","type":"post","link":"https:\/\/www.joebike.fr\/en\/entretenir-votre-velo-en-hiver-les-bons-reflexes-a-adopter\/","title":{"rendered":"Entretenir votre v\u00e9lo en hiver : les bons r\u00e9flexes \u00e0 adopter"},"content":{"rendered":"<div data-elementor-type=\"wp-post\" data-elementor-id=\"14736\" class=\"elementor elementor-14736\" data-elementor-post-type=\"post\">\n\t\t\t\t<div class=\"elementor-element elementor-element-fd4ee8a e-flex e-con-boxed e-con e-parent\" data-id=\"fd4ee8a\" data-element_type=\"container\" data-e-type=\"container\">\n\t\t\t\t\t<div class=\"e-con-inner\">\n\t\t\t\t<div class=\"elementor-element elementor-element-a936bca elementor-widget elementor-widget-text-editor\" data-id=\"a936bca\" data-element_type=\"widget\" data-e-type=\"widget\" data-widget_type=\"text-editor.default\">\n\t\t\t\t<div class=\"elementor-widget-container\">\n\t\t\t\t\t\t\t\t\t<p><strong>L\u2019hiver est souvent synonyme de froid, de pluie, de boue et parfois m\u00eame de neige. Des conditions qui mettent les v\u00e9los \u00e0 rude \u00e9preuve ! Pourtant, avec un entretien adapt\u00e9, il est tout \u00e0 fait possible de continuer \u00e0 rouler confortablement tout en prolongeant la dur\u00e9e de vie de son v\u00e9lo.<\/strong><br \/><strong>Chez Joe Bike, on vous partage les indispensables pour entretenir votre v\u00e9lo en hiver et prolonger sa dur\u00e9e de vie.<\/strong><\/p>\t\t\t\t\t\t\t\t<\/div>\n\t\t\t\t<\/div>\n\t\t\t\t\t<\/div>\n\t\t\t\t<\/div>\n\t\t<div class=\"elementor-element elementor-element-2b47de6 e-flex e-con-boxed e-con e-parent\" data-id=\"2b47de6\" data-element_type=\"container\" data-e-type=\"container\">\n\t\t\t\t\t<div class=\"e-con-inner\">\n\t\t\t\t<div class=\"elementor-element elementor-element-0e320b0 elementor-widget elementor-widget-heading\" data-id=\"0e320b0\" data-element_type=\"widget\" data-e-type=\"widget\" data-widget_type=\"heading.default\">\n\t\t\t\t<div class=\"elementor-widget-container\">\n\t\t\t\t\t<h3 class=\"elementor-heading-title elementor-size-default\">Pourquoi entretenir son v\u00e9lo en hiver est indispensable ?<\/h3>\t\t\t\t<\/div>\n\t\t\t\t<\/div>\n\t\t\t\t<div class=\"elementor-element elementor-element-202f223 elementor-widget elementor-widget-text-editor\" data-id=\"202f223\" data-element_type=\"widget\" data-e-type=\"widget\" data-widget_type=\"text-editor.default\">\n\t\t\t\t<div class=\"elementor-widget-container\">\n\t\t\t\t\t\t\t\t\t<p>En hiver, les conditions climatiques favorisent la corrosion et l\u2019encrassement des pi\u00e8ces m\u00e9caniques. L\u2019humidit\u00e9 s\u2019infiltre plus facilement, la transmission s\u2019use plus vite et le freinage peut perdre en efficacit\u00e9.<br \/><br \/>Un entretien r\u00e9gulier permet donc de limiter les casses comme l\u2019apparition de rouille, de conserver un passage de vitesses fluide tout au long de l\u2019hiver afin de garantir un freinage fiable quelles que soient les conditions m\u00e9t\u00e9o et d\u2019\u00e9viter des r\u00e9parations co\u00fbteuses \u00e0 l\u2019arriv\u00e9e du printemps.<\/p>\t\t\t\t\t\t\t\t<\/div>\n\t\t\t\t<\/div>\n\t\t\t\t<div class=\"elementor-element elementor-element-f93d73a elementor-widget-divider--view-line elementor-widget elementor-widget-divider\" data-id=\"f93d73a\" data-element_type=\"widget\" data-e-type=\"widget\" data-widget_type=\"divider.default\">\n\t\t\t\t<div class=\"elementor-widget-container\">\n\t\t\t\t\t\t\t<div class=\"elementor-divider\">\n\t\t\t<span class=\"elementor-divider-separator\">\n\t\t\t\t\t\t<\/span>\n\t\t<\/div>\n\t\t\t\t\t\t<\/div>\n\t\t\t\t<\/div>\n\t\t\t\t\t<\/div>\n\t\t\t\t<\/div>\n\t\t<div class=\"elementor-element elementor-element-9d55734 e-flex e-con-boxed e-con e-parent\" data-id=\"9d55734\" data-element_type=\"container\" data-e-type=\"container\">\n\t\t\t\t\t<div class=\"e-con-inner\">\n\t\t\t\t<div class=\"elementor-element elementor-element-c9c6fce elementor-widget elementor-widget-heading\" data-id=\"c9c6fce\" data-element_type=\"widget\" data-e-type=\"widget\" data-widget_type=\"heading.default\">\n\t\t\t\t<div class=\"elementor-widget-container\">\n\t\t\t\t\t<h2 class=\"elementor-heading-title elementor-size-default\">Pensez \u00e0 nettoyer votre v\u00e9lo r\u00e9guli\u00e8rement<\/h2>\t\t\t\t<\/div>\n\t\t\t\t<\/div>\n\t\t\t\t<div class=\"elementor-element elementor-element-5fb98a1 elementor-widget elementor-widget-text-editor\" data-id=\"5fb98a1\" data-element_type=\"widget\" data-e-type=\"widget\" data-widget_type=\"text-editor.default\">\n\t\t\t\t<div class=\"elementor-widget-container\">\n\t\t\t\t\t\t\t\t\t<p>En p\u00e9riode hivernale, le nettoyage du v\u00e9lo devient une \u00e9tape essentielle.<\/p><p>Apr\u00e8s une sortie sous la pluie ou dans la boue, il est recommand\u00e9 de nettoyer le v\u00e9lo avec de l\u2019eau ti\u00e8de et un produit sp\u00e9cifique. La\u00a0 transmission (cha\u00eene, cassette, d\u00e9railleurs) doit faire l\u2019objet d\u2019une attention particuli\u00e8re, car c\u2019est la zone la plus expos\u00e9e aux salet\u00e9s.<br \/><br \/>Il est pr\u00e9f\u00e9rable d\u2019\u00e9viter le jet haute pression, qui peut endommager les roulements et les joints. Un nettoyage doux mais fr\u00e9quent est plus efficace sur le long terme.<\/p>\t\t\t\t\t\t\t\t<\/div>\n\t\t\t\t<\/div>\n\t\t\t\t<div class=\"elementor-element elementor-element-9b6bda6 elementor-widget-divider--view-line elementor-widget elementor-widget-divider\" data-id=\"9b6bda6\" data-element_type=\"widget\" data-e-type=\"widget\" data-widget_type=\"divider.default\">\n\t\t\t\t<div class=\"elementor-widget-container\">\n\t\t\t\t\t\t\t<div class=\"elementor-divider\">\n\t\t\t<span class=\"elementor-divider-separator\">\n\t\t\t\t\t\t<\/span>\n\t\t<\/div>\n\t\t\t\t\t\t<\/div>\n\t\t\t\t<\/div>\n\t\t\t\t\t<\/div>\n\t\t\t\t<\/div>\n\t\t<div class=\"elementor-element elementor-element-e613303 e-flex e-con-boxed e-con e-parent\" data-id=\"e613303\" data-element_type=\"container\" data-e-type=\"container\">\n\t\t\t\t\t<div class=\"e-con-inner\">\n\t\t\t\t<div class=\"elementor-element elementor-element-7e062ff elementor-widget elementor-widget-heading\" data-id=\"7e062ff\" data-element_type=\"widget\" data-e-type=\"widget\" data-widget_type=\"heading.default\">\n\t\t\t\t<div class=\"elementor-widget-container\">\n\t\t\t\t\t<h2 class=\"elementor-heading-title elementor-size-default\">Prot\u00e9ger son v\u00e9lo contre l\u2019humidit\u00e9 et la corrosion<\/h2>\t\t\t\t<\/div>\n\t\t\t\t<\/div>\n\t\t\t\t<div class=\"elementor-element elementor-element-f40f6ad elementor-widget elementor-widget-text-editor\" data-id=\"f40f6ad\" data-element_type=\"widget\" data-e-type=\"widget\" data-widget_type=\"text-editor.default\">\n\t\t\t\t<div class=\"elementor-widget-container\">\n\t\t\t\t\t\t\t\t\t<p>L\u2019humidit\u00e9 est l\u2019un des principaux facteurs de d\u00e9t\u00e9rioration du v\u00e9lo en hiver. Apr\u00e8s chaque sortie, il est conseill\u00e9 de s\u00e9cher le v\u00e9lo et, si possible, de le stocker dans un endroit sec.<br \/><br \/>L\u2019application ponctuelle d\u2019un spray protecteur anticorrosion sur les parties m\u00e9talliques (hors surfaces de freinage) permet de limiter l\u2019apparition de rouille et de prolonger la dur\u00e9e de vie des composants.<\/p>\t\t\t\t\t\t\t\t<\/div>\n\t\t\t\t<\/div>\n\t\t\t\t<div class=\"elementor-element elementor-element-0be0650 elementor-widget-divider--view-line elementor-widget elementor-widget-divider\" data-id=\"0be0650\" data-element_type=\"widget\" data-e-type=\"widget\" data-widget_type=\"divider.default\">\n\t\t\t\t<div class=\"elementor-widget-container\">\n\t\t\t\t\t\t\t<div class=\"elementor-divider\">\n\t\t\t<span class=\"elementor-divider-separator\">\n\t\t\t\t\t\t<\/span>\n\t\t<\/div>\n\t\t\t\t\t\t<\/div>\n\t\t\t\t<\/div>\n\t\t\t\t\t<\/div>\n\t\t\t\t<\/div>\n\t\t<div class=\"elementor-element elementor-element-50f5a7c e-flex e-con-boxed e-con e-parent\" data-id=\"50f5a7c\" data-element_type=\"container\" data-e-type=\"container\">\n\t\t\t\t\t<div class=\"e-con-inner\">\n\t\t\t\t<div class=\"elementor-element elementor-element-228ee07 elementor-widget elementor-widget-heading\" data-id=\"228ee07\" data-element_type=\"widget\" data-e-type=\"widget\" data-widget_type=\"heading.default\">\n\t\t\t\t<div class=\"elementor-widget-container\">\n\t\t\t\t\t<h2 class=\"elementor-heading-title elementor-size-default\">Confier son v\u00e9lo \u00e0 Joe Bike pour l'entretien<\/h2>\t\t\t\t<\/div>\n\t\t\t\t<\/div>\n\t\t\t\t<div class=\"elementor-element elementor-element-caf8697 elementor-widget elementor-widget-text-editor\" data-id=\"caf8697\" data-element_type=\"widget\" data-e-type=\"widget\" data-widget_type=\"text-editor.default\">\n\t\t\t\t<div class=\"elementor-widget-container\">\n\t\t\t\t\t\t\t\t\tM\u00eame avec un entretien r\u00e9gulier \u00e0 domicile, une r\u00e9vision professionnelle reste fortement conseill\u00e9e pendant ou apr\u00e8s l\u2019hiver.\n\nChez Joe Bike, nos techniciens v\u00e9rifient l\u2019ensemble des composants, ajustent la transmission, contr\u00f4lent le freinage et s\u2019assurent que votre v\u00e9lo est parfaitement adapt\u00e9 aux\nconditions hivernales.\t\t\t\t\t\t\t\t<\/div>\n\t\t\t\t<\/div>\n\t\t\t\t<div class=\"elementor-element elementor-element-6180211 elementor-widget-divider--view-line elementor-widget elementor-widget-divider\" data-id=\"6180211\" data-element_type=\"widget\" data-e-type=\"widget\" data-widget_type=\"divider.default\">\n\t\t\t\t<div class=\"elementor-widget-container\">\n\t\t\t\t\t\t\t<div class=\"elementor-divider\">\n\t\t\t<span class=\"elementor-divider-separator\">\n\t\t\t\t\t\t<\/span>\n\t\t<\/div>\n\t\t\t\t\t\t<\/div>\n\t\t\t\t<\/div>\n\t\t\t\t\t<\/div>\n\t\t\t\t<\/div>\n\t\t<div class=\"elementor-element elementor-element-52786ec e-flex e-con-boxed e-con e-parent\" data-id=\"52786ec\" data-element_type=\"container\" data-e-type=\"container\">\n\t\t\t\t\t<div class=\"e-con-inner\">\n\t\t\t\t<div class=\"elementor-element elementor-element-27b4ae3 elementor-widget elementor-widget-text-editor\" data-id=\"27b4ae3\" data-element_type=\"widget\" data-e-type=\"widget\" data-widget_type=\"text-editor.default\">\n\t\t\t\t<div class=\"elementor-widget-container\">\n\t\t\t\t\t\t\t\t\t<p><b>L\u2019entretien de son v\u00e9lo en hiver est essentiel pour continuer \u00e0 rouler en toute s\u00e9curit\u00e9 et pr\u00e9server la long\u00e9vit\u00e9 de son mat\u00e9riel. En adoptant les bons r\u00e9flexes et en effectuant des contr\u00f4les r\u00e9guliers, il est possible de profiter de son v\u00e9lo toute l\u2019ann\u00e9e, m\u00eame par temps froid. Pour un entretien complet et des conseils personnalis\u00e9s, l\u2019\u00e9quipe Joe Bike<br>est \u00e0 votre disposition.<\/b><\/p>\t\t\t\t\t\t\t\t<\/div>\n\t\t\t\t<\/div>\n\t\t\t\t\t<\/div>\n\t\t\t\t<\/div>\n\t\t\t\t<\/div>","protected":false},"excerpt":{"rendered":"<p>L\u2019hiver est souvent synonyme de froid, de pluie, de boue et parfois m\u00eame de neige. Des conditions qui mettent les v\u00e9los \u00e0 rude \u00e9preuve ! Pourtant, avec un entretien adapt\u00e9, il est tout \u00e0 fait possible de continuer \u00e0 rouler confortablement tout en prolongeant la dur\u00e9e de vie de son v\u00e9lo.Chez Joe Bike, on vous [&hellip;]<\/p>\n","protected":false},"author":1,"featured_media":14739,"comment_status":"closed","ping_status":"closed","sticky":false,"template":"","format":"standard","meta":{"_acf_changed":false,"footnotes":""},"categories":[204],"tags":[],"class_list":["post-14736","post","type-post","status-publish","format-standard","has-post-thumbnail","hentry","category-conseils"],"acf":[],"yoast_head":"<!-- This site is optimized with the Yoast SEO Premium plugin v26.6 (Yoast SEO v27.5) - https:\/\/yoast.com\/product\/yoast-seo-premium-wordpress\/ -->\n<title>Entretenir votre v\u00e9lo en hiver : les bons r\u00e9flexes \u00e0 adopter<\/title>\n<meta name=\"description\" content=\"Garder le moral en automne ? Le v\u00e9lo est un vrai antidote au blues saisonnier : bienfaits physiques, mentaux et bonnes ondes garanties.\" \/>\n<meta name=\"robots\" content=\"index, follow, max-snippet:-1, max-image-preview:large, max-video-preview:-1\" \/>\n<link rel=\"canonical\" href=\"https:\/\/www.joebike.fr\/en\/entretenir-votre-velo-en-hiver-les-bons-reflexes-a-adopter\/\" \/>\n<meta property=\"og:locale\" content=\"en_GB\" \/>\n<meta property=\"og:type\" content=\"article\" \/>\n<meta property=\"og:title\" content=\"Entretenir votre v\u00e9lo en hiver : les bons r\u00e9flexes \u00e0 adopter\" \/>\n<meta property=\"og:description\" content=\"Garder le moral en automne ? Le v\u00e9lo est un vrai antidote au blues saisonnier : bienfaits physiques, mentaux et bonnes ondes garanties.\" \/>\n<meta property=\"og:url\" content=\"https:\/\/www.joebike.fr\/en\/entretenir-votre-velo-en-hiver-les-bons-reflexes-a-adopter\/\" \/>\n<meta property=\"og:site_name\" content=\"Joe Bike\" \/>\n<meta property=\"article:publisher\" content=\"https:\/\/www.facebook.com\/joebikefrance\" \/>\n<meta property=\"article:published_time\" content=\"2026-01-12T09:00:13+00:00\" \/>\n<meta property=\"og:image\" content=\"https:\/\/www.joebike.fr\/wp-content\/uploads\/2026\/01\/ENTRETNIR-SON-VELO-LHIVER-.png\" \/>\n\t<meta property=\"og:image:width\" content=\"1920\" \/>\n\t<meta property=\"og:image:height\" content=\"1280\" \/>\n\t<meta property=\"og:image:type\" content=\"image\/png\" \/>\n<meta name=\"author\" content=\"joe bike\" \/>\n<meta name=\"twitter:card\" content=\"summary_large_image\" \/>\n<script type=\"application\/ld+json\" class=\"yoast-schema-graph\">{\"@context\":\"https:\\\/\\\/schema.org\",\"@graph\":[{\"@type\":\"Article\",\"@id\":\"https:\\\/\\\/www.joebike.fr\\\/entretenir-votre-velo-en-hiver-les-bons-reflexes-a-adopter\\\/#article\",\"isPartOf\":{\"@id\":\"https:\\\/\\\/www.joebike.fr\\\/entretenir-votre-velo-en-hiver-les-bons-reflexes-a-adopter\\\/\"},\"author\":{\"name\":\"joe bike\",\"@id\":\"https:\\\/\\\/www.joebike.fr\\\/#\\\/schema\\\/person\\\/8064fd0373e9e5b86d16d41ce97d4674\"},\"headline\":\"Entretenir votre v\u00e9lo en hiver : les bons r\u00e9flexes \u00e0 adopter\",\"datePublished\":\"2026-01-12T09:00:13+00:00\",\"mainEntityOfPage\":{\"@id\":\"https:\\\/\\\/www.joebike.fr\\\/entretenir-votre-velo-en-hiver-les-bons-reflexes-a-adopter\\\/\"},\"wordCount\":516,\"publisher\":{\"@id\":\"https:\\\/\\\/www.joebike.fr\\\/#organization\"},\"image\":{\"@id\":\"https:\\\/\\\/www.joebike.fr\\\/entretenir-votre-velo-en-hiver-les-bons-reflexes-a-adopter\\\/#primaryimage\"},\"thumbnailUrl\":\"https:\\\/\\\/www.joebike.fr\\\/wp-content\\\/uploads\\\/2026\\\/01\\\/ENTRETNIR-SON-VELO-LHIVER-.png\",\"articleSection\":[\"Conseils\"],\"inLanguage\":\"en-GB\"},{\"@type\":\"WebPage\",\"@id\":\"https:\\\/\\\/www.joebike.fr\\\/entretenir-votre-velo-en-hiver-les-bons-reflexes-a-adopter\\\/\",\"url\":\"https:\\\/\\\/www.joebike.fr\\\/entretenir-votre-velo-en-hiver-les-bons-reflexes-a-adopter\\\/\",\"name\":\"Entretenir votre v\u00e9lo en hiver : les bons r\u00e9flexes \u00e0 adopter\",\"isPartOf\":{\"@id\":\"https:\\\/\\\/www.joebike.fr\\\/#website\"},\"primaryImageOfPage\":{\"@id\":\"https:\\\/\\\/www.joebike.fr\\\/entretenir-votre-velo-en-hiver-les-bons-reflexes-a-adopter\\\/#primaryimage\"},\"image\":{\"@id\":\"https:\\\/\\\/www.joebike.fr\\\/entretenir-votre-velo-en-hiver-les-bons-reflexes-a-adopter\\\/#primaryimage\"},\"thumbnailUrl\":\"https:\\\/\\\/www.joebike.fr\\\/wp-content\\\/uploads\\\/2026\\\/01\\\/ENTRETNIR-SON-VELO-LHIVER-.png\",\"datePublished\":\"2026-01-12T09:00:13+00:00\",\"description\":\"Garder le moral en automne ? Le v\u00e9lo est un vrai antidote au blues saisonnier : bienfaits physiques, mentaux et bonnes ondes garanties.\",\"breadcrumb\":{\"@id\":\"https:\\\/\\\/www.joebike.fr\\\/entretenir-votre-velo-en-hiver-les-bons-reflexes-a-adopter\\\/#breadcrumb\"},\"inLanguage\":\"en-GB\",\"potentialAction\":[{\"@type\":\"ReadAction\",\"target\":[\"https:\\\/\\\/www.joebike.fr\\\/entretenir-votre-velo-en-hiver-les-bons-reflexes-a-adopter\\\/\"]}]},{\"@type\":\"ImageObject\",\"inLanguage\":\"en-GB\",\"@id\":\"https:\\\/\\\/www.joebike.fr\\\/entretenir-votre-velo-en-hiver-les-bons-reflexes-a-adopter\\\/#primaryimage\",\"url\":\"https:\\\/\\\/www.joebike.fr\\\/wp-content\\\/uploads\\\/2026\\\/01\\\/ENTRETNIR-SON-VELO-LHIVER-.png\",\"contentUrl\":\"https:\\\/\\\/www.joebike.fr\\\/wp-content\\\/uploads\\\/2026\\\/01\\\/ENTRETNIR-SON-VELO-LHIVER-.png\",\"width\":1920,\"height\":1280},{\"@type\":\"BreadcrumbList\",\"@id\":\"https:\\\/\\\/www.joebike.fr\\\/entretenir-votre-velo-en-hiver-les-bons-reflexes-a-adopter\\\/#breadcrumb\",\"itemListElement\":[{\"@type\":\"ListItem\",\"position\":1,\"name\":\"Accueil\",\"item\":\"https:\\\/\\\/www.joebike.fr\\\/\"},{\"@type\":\"ListItem\",\"position\":2,\"name\":\"Entretenir votre v\u00e9lo en hiver : les bons r\u00e9flexes \u00e0 adopter\"}]},{\"@type\":\"WebSite\",\"@id\":\"https:\\\/\\\/www.joebike.fr\\\/#website\",\"url\":\"https:\\\/\\\/www.joebike.fr\\\/\",\"name\":\"Joe Bike\",\"description\":\"Location de v\u00e9lo dans les Landes, le Pays Basque et les Pyr\u00e9n\u00e9es\",\"publisher\":{\"@id\":\"https:\\\/\\\/www.joebike.fr\\\/#organization\"},\"potentialAction\":[{\"@type\":\"SearchAction\",\"target\":{\"@type\":\"EntryPoint\",\"urlTemplate\":\"https:\\\/\\\/www.joebike.fr\\\/?s={search_term_string}\"},\"query-input\":{\"@type\":\"PropertyValueSpecification\",\"valueRequired\":true,\"valueName\":\"search_term_string\"}}],\"inLanguage\":\"en-GB\"},{\"@type\":\"Organization\",\"@id\":\"https:\\\/\\\/www.joebike.fr\\\/#organization\",\"name\":\"Joe Bike, sp\u00e9cialiste en location v\u00e9lo\",\"url\":\"https:\\\/\\\/www.joebike.fr\\\/\",\"logo\":{\"@type\":\"ImageObject\",\"inLanguage\":\"en-GB\",\"@id\":\"https:\\\/\\\/www.joebike.fr\\\/#\\\/schema\\\/logo\\\/image\\\/\",\"url\":\"https:\\\/\\\/www.joebike.fr\\\/wp-content\\\/uploads\\\/2022\\\/04\\\/LOGO-JB-22_PNG.png\",\"contentUrl\":\"https:\\\/\\\/www.joebike.fr\\\/wp-content\\\/uploads\\\/2022\\\/04\\\/LOGO-JB-22_PNG.png\",\"width\":473,\"height\":473,\"caption\":\"Joe Bike, sp\u00e9cialiste en location v\u00e9lo\"},\"image\":{\"@id\":\"https:\\\/\\\/www.joebike.fr\\\/#\\\/schema\\\/logo\\\/image\\\/\"},\"sameAs\":[\"https:\\\/\\\/www.facebook.com\\\/joebikefrance\",\"https:\\\/\\\/www.instagram.com\\\/joebikefrance\"]},{\"@type\":\"Person\",\"@id\":\"https:\\\/\\\/www.joebike.fr\\\/#\\\/schema\\\/person\\\/8064fd0373e9e5b86d16d41ce97d4674\",\"name\":\"joe bike\",\"image\":{\"@type\":\"ImageObject\",\"inLanguage\":\"en-GB\",\"@id\":\"https:\\\/\\\/secure.gravatar.com\\\/avatar\\\/7f4f96fc95221c6ed5840c843434d95484ba34b2e8718e2116b04451518ac0d3?s=96&d=mm&r=g\",\"url\":\"https:\\\/\\\/secure.gravatar.com\\\/avatar\\\/7f4f96fc95221c6ed5840c843434d95484ba34b2e8718e2116b04451518ac0d3?s=96&d=mm&r=g\",\"contentUrl\":\"https:\\\/\\\/secure.gravatar.com\\\/avatar\\\/7f4f96fc95221c6ed5840c843434d95484ba34b2e8718e2116b04451518ac0d3?s=96&d=mm&r=g\",\"caption\":\"joe bike\"},\"sameAs\":[\"http:\\\/\\\/www.joebike.fr\"]}]}<\/script>\n<!-- \/ Yoast SEO Premium plugin. -->","yoast_head_json":{"title":"Entretenir votre v\u00e9lo en hiver : les bons r\u00e9flexes \u00e0 adopter","description":"Garder le moral en automne ? Le v\u00e9lo est un vrai antidote au blues saisonnier : bienfaits physiques, mentaux et bonnes ondes garanties.","robots":{"index":"index","follow":"follow","max-snippet":"max-snippet:-1","max-image-preview":"max-image-preview:large","max-video-preview":"max-video-preview:-1"},"canonical":"https:\/\/www.joebike.fr\/en\/entretenir-votre-velo-en-hiver-les-bons-reflexes-a-adopter\/","og_locale":"en_GB","og_type":"article","og_title":"Entretenir votre v\u00e9lo en hiver : les bons r\u00e9flexes \u00e0 adopter","og_description":"Garder le moral en automne ? Le v\u00e9lo est un vrai antidote au blues saisonnier : bienfaits physiques, mentaux et bonnes ondes garanties.","og_url":"https:\/\/www.joebike.fr\/en\/entretenir-votre-velo-en-hiver-les-bons-reflexes-a-adopter\/","og_site_name":"Joe Bike","article_publisher":"https:\/\/www.facebook.com\/joebikefrance","article_published_time":"2026-01-12T09:00:13+00:00","og_image":[{"width":1920,"height":1280,"url":"https:\/\/www.joebike.fr\/wp-content\/uploads\/2026\/01\/ENTRETNIR-SON-VELO-LHIVER-.png","type":"image\/png"}],"author":"joe bike","twitter_card":"summary_large_image","schema":{"@context":"https:\/\/schema.org","@graph":[{"@type":"Article","@id":"https:\/\/www.joebike.fr\/entretenir-votre-velo-en-hiver-les-bons-reflexes-a-adopter\/#article","isPartOf":{"@id":"https:\/\/www.joebike.fr\/entretenir-votre-velo-en-hiver-les-bons-reflexes-a-adopter\/"},"author":{"name":"joe bike","@id":"https:\/\/www.joebike.fr\/#\/schema\/person\/8064fd0373e9e5b86d16d41ce97d4674"},"headline":"Entretenir votre v\u00e9lo en hiver : les bons r\u00e9flexes \u00e0 adopter","datePublished":"2026-01-12T09:00:13+00:00","mainEntityOfPage":{"@id":"https:\/\/www.joebike.fr\/entretenir-votre-velo-en-hiver-les-bons-reflexes-a-adopter\/"},"wordCount":516,"publisher":{"@id":"https:\/\/www.joebike.fr\/#organization"},"image":{"@id":"https:\/\/www.joebike.fr\/entretenir-votre-velo-en-hiver-les-bons-reflexes-a-adopter\/#primaryimage"},"thumbnailUrl":"https:\/\/www.joebike.fr\/wp-content\/uploads\/2026\/01\/ENTRETNIR-SON-VELO-LHIVER-.png","articleSection":["Conseils"],"inLanguage":"en-GB"},{"@type":"WebPage","@id":"https:\/\/www.joebike.fr\/entretenir-votre-velo-en-hiver-les-bons-reflexes-a-adopter\/","url":"https:\/\/www.joebike.fr\/entretenir-votre-velo-en-hiver-les-bons-reflexes-a-adopter\/","name":"Entretenir votre v\u00e9lo en hiver : les bons r\u00e9flexes \u00e0 adopter","isPartOf":{"@id":"https:\/\/www.joebike.fr\/#website"},"primaryImageOfPage":{"@id":"https:\/\/www.joebike.fr\/entretenir-votre-velo-en-hiver-les-bons-reflexes-a-adopter\/#primaryimage"},"image":{"@id":"https:\/\/www.joebike.fr\/entretenir-votre-velo-en-hiver-les-bons-reflexes-a-adopter\/#primaryimage"},"thumbnailUrl":"https:\/\/www.joebike.fr\/wp-content\/uploads\/2026\/01\/ENTRETNIR-SON-VELO-LHIVER-.png","datePublished":"2026-01-12T09:00:13+00:00","description":"Garder le moral en automne ? Le v\u00e9lo est un vrai antidote au blues saisonnier : bienfaits physiques, mentaux et bonnes ondes garanties.","breadcrumb":{"@id":"https:\/\/www.joebike.fr\/entretenir-votre-velo-en-hiver-les-bons-reflexes-a-adopter\/#breadcrumb"},"inLanguage":"en-GB","potentialAction":[{"@type":"ReadAction","target":["https:\/\/www.joebike.fr\/entretenir-votre-velo-en-hiver-les-bons-reflexes-a-adopter\/"]}]},{"@type":"ImageObject","inLanguage":"en-GB","@id":"https:\/\/www.joebike.fr\/entretenir-votre-velo-en-hiver-les-bons-reflexes-a-adopter\/#primaryimage","url":"https:\/\/www.joebike.fr\/wp-content\/uploads\/2026\/01\/ENTRETNIR-SON-VELO-LHIVER-.png","contentUrl":"https:\/\/www.joebike.fr\/wp-content\/uploads\/2026\/01\/ENTRETNIR-SON-VELO-LHIVER-.png","width":1920,"height":1280},{"@type":"BreadcrumbList","@id":"https:\/\/www.joebike.fr\/entretenir-votre-velo-en-hiver-les-bons-reflexes-a-adopter\/#breadcrumb","itemListElement":[{"@type":"ListItem","position":1,"name":"Accueil","item":"https:\/\/www.joebike.fr\/"},{"@type":"ListItem","position":2,"name":"Entretenir votre v\u00e9lo en hiver : les bons r\u00e9flexes \u00e0 adopter"}]},{"@type":"WebSite","@id":"https:\/\/www.joebike.fr\/#website","url":"https:\/\/www.joebike.fr\/","name":"Joe Bike","description":"Bike hire in the Landes, the Basque Country and the Pyrenees","publisher":{"@id":"https:\/\/www.joebike.fr\/#organization"},"potentialAction":[{"@type":"SearchAction","target":{"@type":"EntryPoint","urlTemplate":"https:\/\/www.joebike.fr\/?s={search_term_string}"},"query-input":{"@type":"PropertyValueSpecification","valueRequired":true,"valueName":"search_term_string"}}],"inLanguage":"en-GB"},{"@type":"Organization","@id":"https:\/\/www.joebike.fr\/#organization","name":"Joe Bike, specialist in bike hire","url":"https:\/\/www.joebike.fr\/","logo":{"@type":"ImageObject","inLanguage":"en-GB","@id":"https:\/\/www.joebike.fr\/#\/schema\/logo\/image\/","url":"https:\/\/www.joebike.fr\/wp-content\/uploads\/2022\/04\/LOGO-JB-22_PNG.png","contentUrl":"https:\/\/www.joebike.fr\/wp-content\/uploads\/2022\/04\/LOGO-JB-22_PNG.png","width":473,"height":473,"caption":"Joe Bike, sp\u00e9cialiste en location v\u00e9lo"},"image":{"@id":"https:\/\/www.joebike.fr\/#\/schema\/logo\/image\/"},"sameAs":["https:\/\/www.facebook.com\/joebikefrance","https:\/\/www.instagram.com\/joebikefrance"]},{"@type":"Person","@id":"https:\/\/www.joebike.fr\/#\/schema\/person\/8064fd0373e9e5b86d16d41ce97d4674","name":"joe bike","image":{"@type":"ImageObject","inLanguage":"en-GB","@id":"https:\/\/secure.gravatar.com\/avatar\/7f4f96fc95221c6ed5840c843434d95484ba34b2e8718e2116b04451518ac0d3?s=96&d=mm&r=g","url":"https:\/\/secure.gravatar.com\/avatar\/7f4f96fc95221c6ed5840c843434d95484ba34b2e8718e2116b04451518ac0d3?s=96&d=mm&r=g","contentUrl":"https:\/\/secure.gravatar.com\/avatar\/7f4f96fc95221c6ed5840c843434d95484ba34b2e8718e2116b04451518ac0d3?s=96&d=mm&r=g","caption":"joe bike"},"sameAs":["http:\/\/www.joebike.fr"]}]}},"_links":{"self":[{"href":"https:\/\/www.joebike.fr\/en\/wp-json\/wp\/v2\/posts\/14736","targetHints":{"allow":["GET"]}}],"collection":[{"href":"https:\/\/www.joebike.fr\/en\/wp-json\/wp\/v2\/posts"}],"about":[{"href":"https:\/\/www.joebike.fr\/en\/wp-json\/wp\/v2\/types\/post"}],"author":[{"embeddable":true,"href":"https:\/\/www.joebike.fr\/en\/wp-json\/wp\/v2\/users\/1"}],"replies":[{"embeddable":true,"href":"https:\/\/www.joebike.fr\/en\/wp-json\/wp\/v2\/comments?post=14736"}],"version-history":[{"count":0,"href":"https:\/\/www.joebike.fr\/en\/wp-json\/wp\/v2\/posts\/14736\/revisions"}],"wp:featuredmedia":[{"embeddable":true,"href":"https:\/\/www.joebike.fr\/en\/wp-json\/wp\/v2\/media\/14739"}],"wp:attachment":[{"href":"https:\/\/www.joebike.fr\/en\/wp-json\/wp\/v2\/media?parent=14736"}],"wp:term":[{"taxonomy":"category","embeddable":true,"href":"https:\/\/www.joebike.fr\/en\/wp-json\/wp\/v2\/categories?post=14736"},{"taxonomy":"post_tag","embeddable":true,"href":"https:\/\/www.joebike.fr\/en\/wp-json\/wp\/v2\/tags?post=14736"}],"curies":[{"name":"wp","href":"https:\/\/api.w.org\/{rel}","templated":true}]}}