{"id":14744,"date":"2026-01-26T10:00:11","date_gmt":"2026-01-26T09:00:11","guid":{"rendered":"https:\/\/www.joebike.fr\/?p=14744"},"modified":"2026-01-07T17:03:05","modified_gmt":"2026-01-07T16:03:05","slug":"cyclotourisme-dans-les-landes-le-pays-basque-preparatifs-hebergements-et-conseils-pratiques","status":"publish","type":"post","link":"https:\/\/www.joebike.fr\/en\/cyclotourisme-dans-les-landes-le-pays-basque-preparatifs-hebergements-et-conseils-pratiques\/","title":{"rendered":"Cyclotourisme dans les Landes &#038; le Pays Basque : pr\u00e9paratifs, h\u00e9bergements et conseils pratiques"},"content":{"rendered":"<div data-elementor-type=\"wp-post\" data-elementor-id=\"14744\" class=\"elementor elementor-14744\" data-elementor-post-type=\"post\">\n\t\t\t\t<div class=\"elementor-element elementor-element-fd4ee8a e-flex e-con-boxed e-con e-parent\" data-id=\"fd4ee8a\" data-element_type=\"container\" data-e-type=\"container\">\n\t\t\t\t\t<div class=\"e-con-inner\">\n\t\t\t\t<div class=\"elementor-element elementor-element-a936bca elementor-widget elementor-widget-text-editor\" data-id=\"a936bca\" data-element_type=\"widget\" data-e-type=\"widget\" data-widget_type=\"text-editor.default\">\n\t\t\t\t<div class=\"elementor-widget-container\">\n\t\t\t\t\t\t\t\t\t<p><b>Entre oc\u00e9an, for\u00eats de pins, pistes cyclables et reliefs plus marqu\u00e9s c\u00f4t\u00e9 basque, les Landes et le Pays Basque offrent un terrain de jeu id\u00e9al pour le cyclotourisme. Que ce soit pour un week-end ou un s\u00e9jour plus long, voyager \u00e0 v\u00e9lo dans le Sud-Ouest permet de d\u00e9couvrir la r\u00e9gion autrement, \u00e0 son rythme, loin des axes surcharg\u00e9s.<\/b><\/p><p><b>Voici un guide complet pour pr\u00e9parer un s\u00e9jour v\u00e9lo, choisir les bons h\u00e9bergements et partir avec les bons r\u00e9flexes, en tenant compte des sp\u00e9cificit\u00e9s locales.<\/b><\/p>\t\t\t\t\t\t\t\t<\/div>\n\t\t\t\t<\/div>\n\t\t\t\t\t<\/div>\n\t\t\t\t<\/div>\n\t\t<div class=\"elementor-element elementor-element-2b47de6 e-flex e-con-boxed e-con e-parent\" data-id=\"2b47de6\" data-element_type=\"container\" data-e-type=\"container\">\n\t\t\t\t\t<div class=\"e-con-inner\">\n\t\t\t\t<div class=\"elementor-element elementor-element-0e320b0 elementor-widget elementor-widget-heading\" data-id=\"0e320b0\" data-element_type=\"widget\" data-e-type=\"widget\" data-widget_type=\"heading.default\">\n\t\t\t\t<div class=\"elementor-widget-container\">\n\t\t\t\t\t<h2 class=\"elementor-heading-title elementor-size-default\">Pourquoi choisir les Landes et le Pays Basque pour le cyclotourisme ?<\/h2>\t\t\t\t<\/div>\n\t\t\t\t<\/div>\n\t\t\t\t<div class=\"elementor-element elementor-element-202f223 elementor-widget elementor-widget-text-editor\" data-id=\"202f223\" data-element_type=\"widget\" data-e-type=\"widget\" data-widget_type=\"text-editor.default\">\n\t\t\t\t<div class=\"elementor-widget-container\">\n\t\t\t\t\t\t\t\t\t<p>La r\u00e9gion fait partie des destinations les plus adapt\u00e9es au v\u00e9lo en France. Plusieurs raisons expliquent cet engouement :<\/p><ul><li>Un r\u00e9seau de pistes cyclables d\u00e9velopp\u00e9, notamment dans les Landes<\/li><li>Des paysages tr\u00e8s vari\u00e9s sur peu de kilom\u00e8tres<\/li><li>Un climat globalement doux, propice au v\u00e9lo une grande partie de l\u2019ann\u00e9e<\/li><li>Une forte culture v\u00e9lo, aussi bien chez les locaux que chez les visiteurs<\/li><li>La V\u00e9lodyss\u00e9e, qui traverse toute la c\u00f4te atlantique, constitue un axe majeur pour les cyclotouristes. Elle permet de relier facilement les stations baln\u00e9aires, les for\u00eats landaises et d\u2019entrer progressivement dans le Pays Basque.<\/li><\/ul><p><br \/><strong>Informations officielles sur l\u2019itin\u00e9raire<\/strong> : <strong><a href=\"https:\/\/www.lavelodyssee.com\" target=\"_blank\" rel=\"noopener\">https:\/\/www.lavelodyssee.com<\/a><\/strong><\/p>\t\t\t\t\t\t\t\t<\/div>\n\t\t\t\t<\/div>\n\t\t\t\t<div class=\"elementor-element elementor-element-f93d73a elementor-widget-divider--view-line elementor-widget elementor-widget-divider\" data-id=\"f93d73a\" data-element_type=\"widget\" data-e-type=\"widget\" data-widget_type=\"divider.default\">\n\t\t\t\t<div class=\"elementor-widget-container\">\n\t\t\t\t\t\t\t<div class=\"elementor-divider\">\n\t\t\t<span class=\"elementor-divider-separator\">\n\t\t\t\t\t\t<\/span>\n\t\t<\/div>\n\t\t\t\t\t\t<\/div>\n\t\t\t\t<\/div>\n\t\t\t\t\t<\/div>\n\t\t\t\t<\/div>\n\t\t<div class=\"elementor-element elementor-element-9d55734 e-flex e-con-boxed e-con e-parent\" data-id=\"9d55734\" data-element_type=\"container\" data-e-type=\"container\">\n\t\t\t\t\t<div class=\"e-con-inner\">\n\t\t\t\t<div class=\"elementor-element elementor-element-c9c6fce elementor-widget elementor-widget-heading\" data-id=\"c9c6fce\" data-element_type=\"widget\" data-e-type=\"widget\" data-widget_type=\"heading.default\">\n\t\t\t\t<div class=\"elementor-widget-container\">\n\t\t\t\t\t<h2 class=\"elementor-heading-title elementor-size-default\">Bien pr\u00e9parer son s\u00e9jour \u00e0 v\u00e9lo<\/h2>\t\t\t\t<\/div>\n\t\t\t\t<\/div>\n\t\t\t\t<div class=\"elementor-element elementor-element-5fb98a1 elementor-widget elementor-widget-text-editor\" data-id=\"5fb98a1\" data-element_type=\"widget\" data-e-type=\"widget\" data-widget_type=\"text-editor.default\">\n\t\t\t\t<div class=\"elementor-widget-container\">\n\t\t\t\t\t\t\t\t\t<p>Un s\u00e9jour r\u00e9ussi commence toujours par une bonne pr\u00e9paration. Le cyclotourisme ne s\u2019improvise pas totalement, surtout lorsqu\u2019il s\u2019agit de rouler plusieurs jours d\u2019affil\u00e9e.<\/p><p><strong>Choisir la bonne p\u00e9riode<\/strong><\/p><ul><li>Avril \u00e0 juin : conditions id\u00e9ales, peu de monde, temp\u00e9ratures agr\u00e9ables<\/li><li>Juillet \u2013 ao\u00fbt : tr\u00e8s fr\u00e9quent\u00e9, mais parfaitement praticable avec un peu d\u2019anticipation<\/li><li>Septembre \u2013 octobre : excellent compromis entre m\u00e9t\u00e9o et tranquillit\u00e9<\/li><\/ul><p><br \/>En plein \u00e9t\u00e9, mieux vaut privil\u00e9gier les d\u00e9parts t\u00f4t le matin et adapter les distances quotidiennes.<\/p>\t\t\t\t\t\t\t\t<\/div>\n\t\t\t\t<\/div>\n\t\t\t\t<div class=\"elementor-element elementor-element-9b6bda6 elementor-widget-divider--view-line elementor-widget elementor-widget-divider\" data-id=\"9b6bda6\" data-element_type=\"widget\" data-e-type=\"widget\" data-widget_type=\"divider.default\">\n\t\t\t\t<div class=\"elementor-widget-container\">\n\t\t\t\t\t\t\t<div class=\"elementor-divider\">\n\t\t\t<span class=\"elementor-divider-separator\">\n\t\t\t\t\t\t<\/span>\n\t\t<\/div>\n\t\t\t\t\t\t<\/div>\n\t\t\t\t<\/div>\n\t\t\t\t\t<\/div>\n\t\t\t\t<\/div>\n\t\t<div class=\"elementor-element elementor-element-e613303 e-flex e-con-boxed e-con e-parent\" data-id=\"e613303\" data-element_type=\"container\" data-e-type=\"container\">\n\t\t\t\t\t<div class=\"e-con-inner\">\n\t\t\t\t<div class=\"elementor-element elementor-element-7e062ff elementor-widget elementor-widget-heading\" data-id=\"7e062ff\" data-element_type=\"widget\" data-e-type=\"widget\" data-widget_type=\"heading.default\">\n\t\t\t\t<div class=\"elementor-widget-container\">\n\t\t\t\t\t<h2 class=\"elementor-heading-title elementor-size-default\">D\u00e9finir son itin\u00e9raire<\/h2>\t\t\t\t<\/div>\n\t\t\t\t<\/div>\n\t\t\t\t<div class=\"elementor-element elementor-element-f40f6ad elementor-widget elementor-widget-text-editor\" data-id=\"f40f6ad\" data-element_type=\"widget\" data-e-type=\"widget\" data-widget_type=\"text-editor.default\">\n\t\t\t\t<div class=\"elementor-widget-container\">\n\t\t\t\t\t\t\t\t\t<p>Les Landes sont r\u00e9put\u00e9es pour leurs longues pistes plates et roulantes, parfaites pour encha\u00eener les kilom\u00e8tres sans difficult\u00e9. Le Pays Basque, lui, demande un peu plus d\u2019effort avec des d\u00e9nivel\u00e9s plus marqu\u00e9s, mais offre des panoramas spectaculaires.<\/p><p>Pour pr\u00e9parer ses parcours et \u00e9viter les axes dangereux, les plateformes sp\u00e9cialis\u00e9es restent les plus fiables.<\/p><p><span style=\"text-decoration: underline;\"><strong>Outils utiles :<\/strong><\/span><\/p><ul><li><strong><a href=\"https:\/\/www.komoot.com\" target=\"_blank\" rel=\"noopener\">https:\/\/www.komoot.com<\/a><\/strong><\/li><li><strong><a href=\"https:\/\/www.francevelotourisme.com\" target=\"_blank\" rel=\"noopener\">https:\/\/www.francevelotourisme.com<\/a><\/strong><\/li><\/ul><p>Ces outils permettent de filtrer par type de v\u00e9lo, niveau de difficult\u00e9 et dur\u00e9e, ce qui facilite grandement l\u2019organisation.<\/p>\t\t\t\t\t\t\t\t<\/div>\n\t\t\t\t<\/div>\n\t\t\t\t<div class=\"elementor-element elementor-element-0be0650 elementor-widget-divider--view-line elementor-widget elementor-widget-divider\" data-id=\"0be0650\" data-element_type=\"widget\" data-e-type=\"widget\" data-widget_type=\"divider.default\">\n\t\t\t\t<div class=\"elementor-widget-container\">\n\t\t\t\t\t\t\t<div class=\"elementor-divider\">\n\t\t\t<span class=\"elementor-divider-separator\">\n\t\t\t\t\t\t<\/span>\n\t\t<\/div>\n\t\t\t\t\t\t<\/div>\n\t\t\t\t<\/div>\n\t\t\t\t\t<\/div>\n\t\t\t\t<\/div>\n\t\t<div class=\"elementor-element elementor-element-604cffe e-flex e-con-boxed e-con e-parent\" data-id=\"604cffe\" data-element_type=\"container\" data-e-type=\"container\">\n\t\t\t\t\t<div class=\"e-con-inner\">\n\t\t\t\t<div class=\"elementor-element elementor-element-b999470 elementor-widget elementor-widget-heading\" data-id=\"b999470\" data-element_type=\"widget\" data-e-type=\"widget\" data-widget_type=\"heading.default\">\n\t\t\t\t<div class=\"elementor-widget-container\">\n\t\t\t\t\t<h2 class=\"elementor-heading-title elementor-size-default\">O\u00f9 dormir pendant un s\u00e9jour v\u00e9lo ?<\/h2>\t\t\t\t<\/div>\n\t\t\t\t<\/div>\n\t\t\t\t<div class=\"elementor-element elementor-element-64ad4dc elementor-widget elementor-widget-heading\" data-id=\"64ad4dc\" data-element_type=\"widget\" data-e-type=\"widget\" data-widget_type=\"heading.default\">\n\t\t\t\t<div class=\"elementor-widget-container\">\n\t\t\t\t\t<h4 class=\"elementor-heading-title elementor-size-default\">Les h\u00e9bergements \u201cAccueil V\u00e9lo\u201d<\/h4>\t\t\t\t<\/div>\n\t\t\t\t<\/div>\n\t\t\t\t<div class=\"elementor-element elementor-element-8da688a elementor-widget elementor-widget-text-editor\" data-id=\"8da688a\" data-element_type=\"widget\" data-e-type=\"widget\" data-widget_type=\"text-editor.default\">\n\t\t\t\t<div class=\"elementor-widget-container\">\n\t\t\t\t\t\t\t\t\t<p>Le label Accueil V\u00e9lo garantit un accueil adapt\u00e9 aux cyclotouristes : local s\u00e9curis\u00e9, point d\u2019eau, informations sur les itin\u00e9raires, parfois m\u00eame un kit de r\u00e9paration.<\/p><ul><li>Carte officielle des h\u00e9bergements labellis\u00e9s :\u00a0<strong><a href=\"https:\/\/www.francevelotourisme.com\/accueil-velo\" target=\"_blank\" rel=\"noopener\">https:\/\/www.francevelotourisme.com\/accueil-velo<\/a><\/strong><\/li><\/ul><p>On trouve de nombreux \u00e9tablissements labellis\u00e9s dans les Landes et sur la c\u00f4te Basque, aussi bien en h\u00f4tels qu\u2019en campings ou chambres d\u2019h\u00f4tes.<\/p>\t\t\t\t\t\t\t\t<\/div>\n\t\t\t\t<\/div>\n\t\t\t\t<div class=\"elementor-element elementor-element-336319a elementor-widget elementor-widget-heading\" data-id=\"336319a\" data-element_type=\"widget\" data-e-type=\"widget\" data-widget_type=\"heading.default\">\n\t\t\t\t<div class=\"elementor-widget-container\">\n\t\t\t\t\t<h4 class=\"elementor-heading-title elementor-size-default\">Campings, g\u00eetes et locations saisonni\u00e8res<\/h4>\t\t\t\t<\/div>\n\t\t\t\t<\/div>\n\t\t\t\t<div class=\"elementor-element elementor-element-cab8af6 elementor-widget elementor-widget-text-editor\" data-id=\"cab8af6\" data-element_type=\"widget\" data-e-type=\"widget\" data-widget_type=\"text-editor.default\">\n\t\t\t\t<div class=\"elementor-widget-container\">\n\t\t\t\t\t\t\t\t\t<p>Pour plus de libert\u00e9, les campings et locations restent une excellente option. Beaucoup d\u2019h\u00e9bergements sont aujourd\u2019hui habitu\u00e9s \u00e0 recevoir des cyclistes, m\u00eame sans label officiel.<\/p><p><b>Points \u00e0 v\u00e9rifier avant de r\u00e9server :<\/b><\/p><ul><li>Possibilit\u00e9 de stocker les v\u00e9los en s\u00e9curit\u00e9<\/li><li>Acc\u00e8s \u00e0 un point d\u2019eau pour le nettoyage<\/li><li>Proximit\u00e9 imm\u00e9diate des pistes ou itin\u00e9raires<\/li><\/ul>\t\t\t\t\t\t\t\t<\/div>\n\t\t\t\t<\/div>\n\t\t\t\t<div class=\"elementor-element elementor-element-a078452 elementor-widget-divider--view-line elementor-widget elementor-widget-divider\" data-id=\"a078452\" data-element_type=\"widget\" data-e-type=\"widget\" data-widget_type=\"divider.default\">\n\t\t\t\t<div class=\"elementor-widget-container\">\n\t\t\t\t\t\t\t<div class=\"elementor-divider\">\n\t\t\t<span class=\"elementor-divider-separator\">\n\t\t\t\t\t\t<\/span>\n\t\t<\/div>\n\t\t\t\t\t\t<\/div>\n\t\t\t\t<\/div>\n\t\t\t\t\t<\/div>\n\t\t\t\t<\/div>\n\t\t<div class=\"elementor-element elementor-element-d12eb8d e-flex e-con-boxed e-con e-parent\" data-id=\"d12eb8d\" data-element_type=\"container\" data-e-type=\"container\">\n\t\t\t\t\t<div class=\"e-con-inner\">\n\t\t\t\t<div class=\"elementor-element elementor-element-124d576 elementor-widget elementor-widget-heading\" data-id=\"124d576\" data-element_type=\"widget\" data-e-type=\"widget\" data-widget_type=\"heading.default\">\n\t\t\t\t<div class=\"elementor-widget-container\">\n\t\t\t\t\t<h2 class=\"elementor-heading-title elementor-size-default\">Organisation pratique et logistique<\/h2>\t\t\t\t<\/div>\n\t\t\t\t<\/div>\n\t\t\t\t<div class=\"elementor-element elementor-element-2cd899d elementor-widget elementor-widget-heading\" data-id=\"2cd899d\" data-element_type=\"widget\" data-e-type=\"widget\" data-widget_type=\"heading.default\">\n\t\t\t\t<div class=\"elementor-widget-container\">\n\t\t\t\t\t<h4 class=\"elementor-heading-title elementor-size-default\">Transport des bagages<\/h4>\t\t\t\t<\/div>\n\t\t\t\t<\/div>\n\t\t\t\t<div class=\"elementor-element elementor-element-4521e8f elementor-widget elementor-widget-text-editor\" data-id=\"4521e8f\" data-element_type=\"widget\" data-e-type=\"widget\" data-widget_type=\"text-editor.default\">\n\t\t\t\t<div class=\"elementor-widget-container\">\n\t\t\t\t\t\t\t\t\t<p><strong>Deux options principales :<\/strong><\/p><ul><li>Voyager en autonomie avec sacoches<\/li><li>Utiliser un service de transfert de bagages, de plus en plus r\u00e9pandu sur les grands itin\u00e9raires. Cette seconde solution permet de rouler l\u00e9ger et de profiter davantage des \u00e9tapes, surtout sur plusieurs jours.<\/li><\/ul>\t\t\t\t\t\t\t\t<\/div>\n\t\t\t\t<\/div>\n\t\t\t\t<div class=\"elementor-element elementor-element-689fff6 elementor-widget-divider--view-line elementor-widget elementor-widget-divider\" data-id=\"689fff6\" data-element_type=\"widget\" data-e-type=\"widget\" data-widget_type=\"divider.default\">\n\t\t\t\t<div class=\"elementor-widget-container\">\n\t\t\t\t\t\t\t<div class=\"elementor-divider\">\n\t\t\t<span class=\"elementor-divider-separator\">\n\t\t\t\t\t\t<\/span>\n\t\t<\/div>\n\t\t\t\t\t\t<\/div>\n\t\t\t\t<\/div>\n\t\t\t\t\t<\/div>\n\t\t\t\t<\/div>\n\t\t<div class=\"elementor-element elementor-element-40ff763 e-flex e-con-boxed e-con e-parent\" data-id=\"40ff763\" data-element_type=\"container\" data-e-type=\"container\">\n\t\t\t\t\t<div class=\"e-con-inner\">\n\t\t\t\t<div class=\"elementor-element elementor-element-c4e575a elementor-widget elementor-widget-heading\" data-id=\"c4e575a\" data-element_type=\"widget\" data-e-type=\"widget\" data-widget_type=\"heading.default\">\n\t\t\t\t<div class=\"elementor-widget-container\">\n\t\t\t\t\t<h2 class=\"elementor-heading-title elementor-size-default\">Location de v\u00e9lo sur place<\/h2>\t\t\t\t<\/div>\n\t\t\t\t<\/div>\n\t\t\t\t<div class=\"elementor-element elementor-element-7588f0f elementor-widget elementor-widget-text-editor\" data-id=\"7588f0f\" data-element_type=\"widget\" data-e-type=\"widget\" data-widget_type=\"text-editor.default\">\n\t\t\t\t<div class=\"elementor-widget-container\">\n\t\t\t\t\t\t\t\t\t<p>Pour \u00e9viter le transport depuis le domicile, louer un v\u00e9lo directement dans la r\u00e9gion simplifie grandement l\u2019organisation. Cela permet aussi de b\u00e9n\u00e9ficier d\u2019un v\u00e9lo adapt\u00e9 au terrain local et entretenu r\u00e9guli\u00e8rement.<\/p><p><b>La location sur place reste particuli\u00e8rement int\u00e9ressante pour :<\/b><\/p><ul><li>Les s\u00e9jours d\u2019une semaine ou moins<\/li><li>Les v\u00e9los \u00e9lectriques<\/li><li>Les groupes ou familles<\/li><\/ul>\t\t\t\t\t\t\t\t<\/div>\n\t\t\t\t<\/div>\n\t\t\t\t<div class=\"elementor-element elementor-element-7a97278 elementor-widget-divider--view-line elementor-widget elementor-widget-divider\" data-id=\"7a97278\" data-element_type=\"widget\" data-e-type=\"widget\" data-widget_type=\"divider.default\">\n\t\t\t\t<div class=\"elementor-widget-container\">\n\t\t\t\t\t\t\t<div class=\"elementor-divider\">\n\t\t\t<span class=\"elementor-divider-separator\">\n\t\t\t\t\t\t<\/span>\n\t\t<\/div>\n\t\t\t\t\t\t<\/div>\n\t\t\t\t<\/div>\n\t\t\t\t\t<\/div>\n\t\t\t\t<\/div>\n\t\t<div class=\"elementor-element elementor-element-0998b4e e-flex e-con-boxed e-con e-parent\" data-id=\"0998b4e\" data-element_type=\"container\" data-e-type=\"container\">\n\t\t\t\t\t<div class=\"e-con-inner\">\n\t\t\t\t<div class=\"elementor-element elementor-element-6fb75f6 elementor-widget elementor-widget-heading\" data-id=\"6fb75f6\" data-element_type=\"widget\" data-e-type=\"widget\" data-widget_type=\"heading.default\">\n\t\t\t\t<div class=\"elementor-widget-container\">\n\t\t\t\t\t<h2 class=\"elementor-heading-title elementor-size-default\">S\u00e9curit\u00e9 et bonnes pratiques \u00e0 v\u00e9lo<\/h2>\t\t\t\t<\/div>\n\t\t\t\t<\/div>\n\t\t\t\t<div class=\"elementor-element elementor-element-48119da elementor-widget elementor-widget-text-editor\" data-id=\"48119da\" data-element_type=\"widget\" data-e-type=\"widget\" data-widget_type=\"text-editor.default\">\n\t\t\t\t<div class=\"elementor-widget-container\">\n\t\t\t\t\t\t\t\t\t<p>M\u00eame sur des itin\u00e9raires bien am\u00e9nag\u00e9s, quelques r\u00e8gles simples permettent de rouler sereinement :<\/p><ul><li>Toujours pr\u00e9voir un antivol, m\u00eame pour des arr\u00eats courts<\/li><li>Porter un casque, surtout hors pistes cyclables<\/li><li>Avoir un \u00e9clairage fonctionnel, indispensable en fin de journ\u00e9e<\/li><li>Anticiper le vent, fr\u00e9quent sur la c\u00f4te<\/li><\/ul><p><br \/>En \u00e9t\u00e9, la circulation augmente fortement dans certaines zones. La prudence reste de mise aux abords des stations baln\u00e9aires<\/p>\t\t\t\t\t\t\t\t<\/div>\n\t\t\t\t<\/div>\n\t\t\t\t<div class=\"elementor-element elementor-element-c903bbd elementor-widget-divider--view-line elementor-widget elementor-widget-divider\" data-id=\"c903bbd\" data-element_type=\"widget\" data-e-type=\"widget\" data-widget_type=\"divider.default\">\n\t\t\t\t<div class=\"elementor-widget-container\">\n\t\t\t\t\t\t\t<div class=\"elementor-divider\">\n\t\t\t<span class=\"elementor-divider-separator\">\n\t\t\t\t\t\t<\/span>\n\t\t<\/div>\n\t\t\t\t\t\t<\/div>\n\t\t\t\t<\/div>\n\t\t\t\t\t<\/div>\n\t\t\t\t<\/div>\n\t\t<div class=\"elementor-element elementor-element-e1195e0 e-flex e-con-boxed e-con e-parent\" data-id=\"e1195e0\" data-element_type=\"container\" data-e-type=\"container\">\n\t\t\t\t\t<div class=\"e-con-inner\">\n\t\t\t\t<div class=\"elementor-element elementor-element-0c4bc29 elementor-widget elementor-widget-heading\" data-id=\"0c4bc29\" data-element_type=\"widget\" data-e-type=\"widget\" data-widget_type=\"heading.default\">\n\t\t\t\t<div class=\"elementor-widget-container\">\n\t\t\t\t\t<h2 class=\"elementor-heading-title elementor-size-default\">Entretenir son v\u00e9lo pendant le s\u00e9jour<\/h2>\t\t\t\t<\/div>\n\t\t\t\t<\/div>\n\t\t\t\t<div class=\"elementor-element elementor-element-40b6495 elementor-widget elementor-widget-text-editor\" data-id=\"40b6495\" data-element_type=\"widget\" data-e-type=\"widget\" data-widget_type=\"text-editor.default\">\n\t\t\t\t<div class=\"elementor-widget-container\">\n\t\t\t\t\t\t\t\t\t<p>Sur plusieurs jours, un minimum d\u2019entretien \u00e9vite bien des d\u00e9sagr\u00e9ments :<\/p><ul><li>V\u00e9rification de la pression des pneus<\/li><li>Nettoyage rapide de la transmission<\/li><li>Contr\u00f4le des freins<\/li><\/ul><p><br \/>En cas de probl\u00e8me m\u00e9canique, mieux vaut s\u2019adresser \u00e0 un atelier local habitu\u00e9 aux v\u00e9los de tourisme et aux v\u00e9los \u00e9lectriques, plut\u00f4t que tenter une r\u00e9paration approximative. N&rsquo;h\u00e9sitez pas \u00e0 passer nous voir \u00e0 Hossegor ou \u00e0 Anglet !<\/p>\t\t\t\t\t\t\t\t<\/div>\n\t\t\t\t<\/div>\n\t\t\t\t<div class=\"elementor-element elementor-element-77fd0e7 elementor-widget-divider--view-line elementor-widget elementor-widget-divider\" data-id=\"77fd0e7\" data-element_type=\"widget\" data-e-type=\"widget\" data-widget_type=\"divider.default\">\n\t\t\t\t<div class=\"elementor-widget-container\">\n\t\t\t\t\t\t\t<div class=\"elementor-divider\">\n\t\t\t<span class=\"elementor-divider-separator\">\n\t\t\t\t\t\t<\/span>\n\t\t<\/div>\n\t\t\t\t\t\t<\/div>\n\t\t\t\t<\/div>\n\t\t\t\t\t<\/div>\n\t\t\t\t<\/div>\n\t\t<div class=\"elementor-element elementor-element-9cb3434 e-flex e-con-boxed e-con e-parent\" data-id=\"9cb3434\" data-element_type=\"container\" data-e-type=\"container\">\n\t\t\t\t\t<div class=\"e-con-inner\">\n\t\t\t\t<div class=\"elementor-element elementor-element-b4fbcec elementor-widget elementor-widget-heading\" data-id=\"b4fbcec\" data-element_type=\"widget\" data-e-type=\"widget\" data-widget_type=\"heading.default\">\n\t\t\t\t<div class=\"elementor-widget-container\">\n\t\t\t\t\t<h2 class=\"elementor-heading-title elementor-size-default\">Le cyclotourisme, une autre fa\u00e7on de d\u00e9couvrir la r\u00e9gion<\/h2>\t\t\t\t<\/div>\n\t\t\t\t<\/div>\n\t\t\t\t<div class=\"elementor-element elementor-element-01dde05 elementor-widget elementor-widget-text-editor\" data-id=\"01dde05\" data-element_type=\"widget\" data-e-type=\"widget\" data-widget_type=\"text-editor.default\">\n\t\t\t\t<div class=\"elementor-widget-container\">\n\t\t\t\t\t\t\t\t\tVoyager \u00e0 v\u00e9lo dans les Landes et le Pays Basque, c\u2019est prendre le temps. Celui de traverser une for\u00eat silencieuse, de longer l\u2019oc\u00e9an au lever du soleil ou de s\u2019arr\u00eater dans un village sans contrainte de stationnement.\n\nC\u2019est aussi une mani\u00e8re plus responsable de d\u00e9couvrir le territoire, en limitant son impact et en privil\u00e9giant les circuits courts et les acteurs locaux.\n\nQue ce soit pour une premi\u00e8re exp\u00e9rience ou un s\u00e9jour plus engag\u00e9, le cyclotourisme dans le Sud-Ouest reste accessible, modulable et incroyablement riche.\t\t\t\t\t\t\t\t<\/div>\n\t\t\t\t<\/div>\n\t\t\t\t\t<\/div>\n\t\t\t\t<\/div>\n\t\t<div class=\"elementor-element elementor-element-0800c4d e-flex e-con-boxed e-con e-parent\" data-id=\"0800c4d\" data-element_type=\"container\" data-e-type=\"container\" data-settings=\"{&quot;background_background&quot;:&quot;classic&quot;}\">\n\t\t\t\t\t<div class=\"e-con-inner\">\n\t\t\t\t\t<\/div>\n\t\t\t\t<\/div>\n\t\t\t\t<\/div>","protected":false},"excerpt":{"rendered":"<p>Entre oc\u00e9an, for\u00eats de pins, pistes cyclables et reliefs plus marqu\u00e9s c\u00f4t\u00e9 basque, les Landes et le Pays Basque offrent un terrain de jeu id\u00e9al pour le cyclotourisme. Que ce soit pour un week-end ou un s\u00e9jour plus long, voyager \u00e0 v\u00e9lo dans le Sud-Ouest permet de d\u00e9couvrir la r\u00e9gion autrement, \u00e0 son rythme, loin [&hellip;]<\/p>\n","protected":false},"author":1,"featured_media":14746,"comment_status":"closed","ping_status":"closed","sticky":false,"template":"","format":"standard","meta":{"_acf_changed":false,"footnotes":""},"categories":[204],"tags":[],"class_list":["post-14744","post","type-post","status-publish","format-standard","has-post-thumbnail","hentry","category-conseils"],"acf":[],"yoast_head":"<!-- This site is optimized with the Yoast SEO Premium plugin v26.6 (Yoast SEO v27.5) - https:\/\/yoast.com\/product\/yoast-seo-premium-wordpress\/ -->\n<title>Cyclotourisme dans les Landes &amp; le Pays Basque : pr\u00e9paratifs, h\u00e9bergements et conseils pratiques<\/title>\n<meta name=\"description\" content=\"Garder le moral en automne ? Le v\u00e9lo est un vrai antidote au blues saisonnier : bienfaits physiques, mentaux et bonnes ondes garanties.\" \/>\n<meta name=\"robots\" content=\"index, follow, max-snippet:-1, max-image-preview:large, max-video-preview:-1\" \/>\n<link rel=\"canonical\" href=\"https:\/\/www.joebike.fr\/en\/cyclotourisme-dans-les-landes-le-pays-basque-preparatifs-hebergements-et-conseils-pratiques\/\" \/>\n<meta property=\"og:locale\" content=\"en_GB\" \/>\n<meta property=\"og:type\" content=\"article\" \/>\n<meta property=\"og:title\" content=\"Cyclotourisme dans les Landes &amp; le Pays Basque : pr\u00e9paratifs, h\u00e9bergements et conseils pratiques\" \/>\n<meta property=\"og:description\" content=\"Garder le moral en automne ? Le v\u00e9lo est un vrai antidote au blues saisonnier : bienfaits physiques, mentaux et bonnes ondes garanties.\" \/>\n<meta property=\"og:url\" content=\"https:\/\/www.joebike.fr\/en\/cyclotourisme-dans-les-landes-le-pays-basque-preparatifs-hebergements-et-conseils-pratiques\/\" \/>\n<meta property=\"og:site_name\" content=\"Joe Bike\" \/>\n<meta property=\"article:publisher\" content=\"https:\/\/www.facebook.com\/joebikefrance\" \/>\n<meta property=\"article:published_time\" content=\"2026-01-26T09:00:11+00:00\" \/>\n<meta property=\"og:image\" content=\"https:\/\/www.joebike.fr\/wp-content\/uploads\/2026\/01\/CYCLOTOURISME.png\" \/>\n\t<meta property=\"og:image:width\" content=\"1920\" \/>\n\t<meta property=\"og:image:height\" content=\"1280\" \/>\n\t<meta property=\"og:image:type\" content=\"image\/png\" \/>\n<meta name=\"author\" content=\"joe bike\" \/>\n<meta name=\"twitter:card\" content=\"summary_large_image\" \/>\n<script type=\"application\/ld+json\" class=\"yoast-schema-graph\">{\"@context\":\"https:\\\/\\\/schema.org\",\"@graph\":[{\"@type\":\"Article\",\"@id\":\"https:\\\/\\\/www.joebike.fr\\\/cyclotourisme-dans-les-landes-le-pays-basque-preparatifs-hebergements-et-conseils-pratiques\\\/#article\",\"isPartOf\":{\"@id\":\"https:\\\/\\\/www.joebike.fr\\\/cyclotourisme-dans-les-landes-le-pays-basque-preparatifs-hebergements-et-conseils-pratiques\\\/\"},\"author\":{\"name\":\"joe bike\",\"@id\":\"https:\\\/\\\/www.joebike.fr\\\/#\\\/schema\\\/person\\\/8064fd0373e9e5b86d16d41ce97d4674\"},\"headline\":\"Cyclotourisme dans les Landes &#038; le Pays Basque : pr\u00e9paratifs, h\u00e9bergements et conseils pratiques\",\"datePublished\":\"2026-01-26T09:00:11+00:00\",\"mainEntityOfPage\":{\"@id\":\"https:\\\/\\\/www.joebike.fr\\\/cyclotourisme-dans-les-landes-le-pays-basque-preparatifs-hebergements-et-conseils-pratiques\\\/\"},\"wordCount\":995,\"publisher\":{\"@id\":\"https:\\\/\\\/www.joebike.fr\\\/#organization\"},\"image\":{\"@id\":\"https:\\\/\\\/www.joebike.fr\\\/cyclotourisme-dans-les-landes-le-pays-basque-preparatifs-hebergements-et-conseils-pratiques\\\/#primaryimage\"},\"thumbnailUrl\":\"https:\\\/\\\/www.joebike.fr\\\/wp-content\\\/uploads\\\/2026\\\/01\\\/CYCLOTOURISME.png\",\"articleSection\":[\"Conseils\"],\"inLanguage\":\"en-GB\"},{\"@type\":\"WebPage\",\"@id\":\"https:\\\/\\\/www.joebike.fr\\\/cyclotourisme-dans-les-landes-le-pays-basque-preparatifs-hebergements-et-conseils-pratiques\\\/\",\"url\":\"https:\\\/\\\/www.joebike.fr\\\/cyclotourisme-dans-les-landes-le-pays-basque-preparatifs-hebergements-et-conseils-pratiques\\\/\",\"name\":\"Cyclotourisme dans les Landes & le Pays Basque : pr\u00e9paratifs, h\u00e9bergements et conseils pratiques\",\"isPartOf\":{\"@id\":\"https:\\\/\\\/www.joebike.fr\\\/#website\"},\"primaryImageOfPage\":{\"@id\":\"https:\\\/\\\/www.joebike.fr\\\/cyclotourisme-dans-les-landes-le-pays-basque-preparatifs-hebergements-et-conseils-pratiques\\\/#primaryimage\"},\"image\":{\"@id\":\"https:\\\/\\\/www.joebike.fr\\\/cyclotourisme-dans-les-landes-le-pays-basque-preparatifs-hebergements-et-conseils-pratiques\\\/#primaryimage\"},\"thumbnailUrl\":\"https:\\\/\\\/www.joebike.fr\\\/wp-content\\\/uploads\\\/2026\\\/01\\\/CYCLOTOURISME.png\",\"datePublished\":\"2026-01-26T09:00:11+00:00\",\"description\":\"Garder le moral en automne ? Le v\u00e9lo est un vrai antidote au blues saisonnier : bienfaits physiques, mentaux et bonnes ondes garanties.\",\"breadcrumb\":{\"@id\":\"https:\\\/\\\/www.joebike.fr\\\/cyclotourisme-dans-les-landes-le-pays-basque-preparatifs-hebergements-et-conseils-pratiques\\\/#breadcrumb\"},\"inLanguage\":\"en-GB\",\"potentialAction\":[{\"@type\":\"ReadAction\",\"target\":[\"https:\\\/\\\/www.joebike.fr\\\/cyclotourisme-dans-les-landes-le-pays-basque-preparatifs-hebergements-et-conseils-pratiques\\\/\"]}]},{\"@type\":\"ImageObject\",\"inLanguage\":\"en-GB\",\"@id\":\"https:\\\/\\\/www.joebike.fr\\\/cyclotourisme-dans-les-landes-le-pays-basque-preparatifs-hebergements-et-conseils-pratiques\\\/#primaryimage\",\"url\":\"https:\\\/\\\/www.joebike.fr\\\/wp-content\\\/uploads\\\/2026\\\/01\\\/CYCLOTOURISME.png\",\"contentUrl\":\"https:\\\/\\\/www.joebike.fr\\\/wp-content\\\/uploads\\\/2026\\\/01\\\/CYCLOTOURISME.png\",\"width\":1920,\"height\":1280},{\"@type\":\"BreadcrumbList\",\"@id\":\"https:\\\/\\\/www.joebike.fr\\\/cyclotourisme-dans-les-landes-le-pays-basque-preparatifs-hebergements-et-conseils-pratiques\\\/#breadcrumb\",\"itemListElement\":[{\"@type\":\"ListItem\",\"position\":1,\"name\":\"Accueil\",\"item\":\"https:\\\/\\\/www.joebike.fr\\\/\"},{\"@type\":\"ListItem\",\"position\":2,\"name\":\"Cyclotourisme dans les Landes &#038; le Pays Basque : pr\u00e9paratifs, h\u00e9bergements et conseils pratiques\"}]},{\"@type\":\"WebSite\",\"@id\":\"https:\\\/\\\/www.joebike.fr\\\/#website\",\"url\":\"https:\\\/\\\/www.joebike.fr\\\/\",\"name\":\"Joe Bike\",\"description\":\"Location de v\u00e9lo dans les Landes, le Pays Basque et les Pyr\u00e9n\u00e9es\",\"publisher\":{\"@id\":\"https:\\\/\\\/www.joebike.fr\\\/#organization\"},\"potentialAction\":[{\"@type\":\"SearchAction\",\"target\":{\"@type\":\"EntryPoint\",\"urlTemplate\":\"https:\\\/\\\/www.joebike.fr\\\/?s={search_term_string}\"},\"query-input\":{\"@type\":\"PropertyValueSpecification\",\"valueRequired\":true,\"valueName\":\"search_term_string\"}}],\"inLanguage\":\"en-GB\"},{\"@type\":\"Organization\",\"@id\":\"https:\\\/\\\/www.joebike.fr\\\/#organization\",\"name\":\"Joe Bike, sp\u00e9cialiste en location v\u00e9lo\",\"url\":\"https:\\\/\\\/www.joebike.fr\\\/\",\"logo\":{\"@type\":\"ImageObject\",\"inLanguage\":\"en-GB\",\"@id\":\"https:\\\/\\\/www.joebike.fr\\\/#\\\/schema\\\/logo\\\/image\\\/\",\"url\":\"https:\\\/\\\/www.joebike.fr\\\/wp-content\\\/uploads\\\/2022\\\/04\\\/LOGO-JB-22_PNG.png\",\"contentUrl\":\"https:\\\/\\\/www.joebike.fr\\\/wp-content\\\/uploads\\\/2022\\\/04\\\/LOGO-JB-22_PNG.png\",\"width\":473,\"height\":473,\"caption\":\"Joe Bike, sp\u00e9cialiste en location v\u00e9lo\"},\"image\":{\"@id\":\"https:\\\/\\\/www.joebike.fr\\\/#\\\/schema\\\/logo\\\/image\\\/\"},\"sameAs\":[\"https:\\\/\\\/www.facebook.com\\\/joebikefrance\",\"https:\\\/\\\/www.instagram.com\\\/joebikefrance\"]},{\"@type\":\"Person\",\"@id\":\"https:\\\/\\\/www.joebike.fr\\\/#\\\/schema\\\/person\\\/8064fd0373e9e5b86d16d41ce97d4674\",\"name\":\"joe bike\",\"image\":{\"@type\":\"ImageObject\",\"inLanguage\":\"en-GB\",\"@id\":\"https:\\\/\\\/secure.gravatar.com\\\/avatar\\\/7f4f96fc95221c6ed5840c843434d95484ba34b2e8718e2116b04451518ac0d3?s=96&d=mm&r=g\",\"url\":\"https:\\\/\\\/secure.gravatar.com\\\/avatar\\\/7f4f96fc95221c6ed5840c843434d95484ba34b2e8718e2116b04451518ac0d3?s=96&d=mm&r=g\",\"contentUrl\":\"https:\\\/\\\/secure.gravatar.com\\\/avatar\\\/7f4f96fc95221c6ed5840c843434d95484ba34b2e8718e2116b04451518ac0d3?s=96&d=mm&r=g\",\"caption\":\"joe bike\"},\"sameAs\":[\"http:\\\/\\\/www.joebike.fr\"]}]}<\/script>\n<!-- \/ Yoast SEO Premium plugin. -->","yoast_head_json":{"title":"Cyclotourisme dans les Landes & le Pays Basque : pr\u00e9paratifs, h\u00e9bergements et conseils pratiques","description":"Garder le moral en automne ? Le v\u00e9lo est un vrai antidote au blues saisonnier : bienfaits physiques, mentaux et bonnes ondes garanties.","robots":{"index":"index","follow":"follow","max-snippet":"max-snippet:-1","max-image-preview":"max-image-preview:large","max-video-preview":"max-video-preview:-1"},"canonical":"https:\/\/www.joebike.fr\/en\/cyclotourisme-dans-les-landes-le-pays-basque-preparatifs-hebergements-et-conseils-pratiques\/","og_locale":"en_GB","og_type":"article","og_title":"Cyclotourisme dans les Landes & le Pays Basque : pr\u00e9paratifs, h\u00e9bergements et conseils pratiques","og_description":"Garder le moral en automne ? Le v\u00e9lo est un vrai antidote au blues saisonnier : bienfaits physiques, mentaux et bonnes ondes garanties.","og_url":"https:\/\/www.joebike.fr\/en\/cyclotourisme-dans-les-landes-le-pays-basque-preparatifs-hebergements-et-conseils-pratiques\/","og_site_name":"Joe Bike","article_publisher":"https:\/\/www.facebook.com\/joebikefrance","article_published_time":"2026-01-26T09:00:11+00:00","og_image":[{"width":1920,"height":1280,"url":"https:\/\/www.joebike.fr\/wp-content\/uploads\/2026\/01\/CYCLOTOURISME.png","type":"image\/png"}],"author":"joe bike","twitter_card":"summary_large_image","schema":{"@context":"https:\/\/schema.org","@graph":[{"@type":"Article","@id":"https:\/\/www.joebike.fr\/cyclotourisme-dans-les-landes-le-pays-basque-preparatifs-hebergements-et-conseils-pratiques\/#article","isPartOf":{"@id":"https:\/\/www.joebike.fr\/cyclotourisme-dans-les-landes-le-pays-basque-preparatifs-hebergements-et-conseils-pratiques\/"},"author":{"name":"joe bike","@id":"https:\/\/www.joebike.fr\/#\/schema\/person\/8064fd0373e9e5b86d16d41ce97d4674"},"headline":"Cyclotourisme dans les Landes &#038; le Pays Basque : pr\u00e9paratifs, h\u00e9bergements et conseils pratiques","datePublished":"2026-01-26T09:00:11+00:00","mainEntityOfPage":{"@id":"https:\/\/www.joebike.fr\/cyclotourisme-dans-les-landes-le-pays-basque-preparatifs-hebergements-et-conseils-pratiques\/"},"wordCount":995,"publisher":{"@id":"https:\/\/www.joebike.fr\/#organization"},"image":{"@id":"https:\/\/www.joebike.fr\/cyclotourisme-dans-les-landes-le-pays-basque-preparatifs-hebergements-et-conseils-pratiques\/#primaryimage"},"thumbnailUrl":"https:\/\/www.joebike.fr\/wp-content\/uploads\/2026\/01\/CYCLOTOURISME.png","articleSection":["Conseils"],"inLanguage":"en-GB"},{"@type":"WebPage","@id":"https:\/\/www.joebike.fr\/cyclotourisme-dans-les-landes-le-pays-basque-preparatifs-hebergements-et-conseils-pratiques\/","url":"https:\/\/www.joebike.fr\/cyclotourisme-dans-les-landes-le-pays-basque-preparatifs-hebergements-et-conseils-pratiques\/","name":"Cyclotourisme dans les Landes & le Pays Basque : pr\u00e9paratifs, h\u00e9bergements et conseils pratiques","isPartOf":{"@id":"https:\/\/www.joebike.fr\/#website"},"primaryImageOfPage":{"@id":"https:\/\/www.joebike.fr\/cyclotourisme-dans-les-landes-le-pays-basque-preparatifs-hebergements-et-conseils-pratiques\/#primaryimage"},"image":{"@id":"https:\/\/www.joebike.fr\/cyclotourisme-dans-les-landes-le-pays-basque-preparatifs-hebergements-et-conseils-pratiques\/#primaryimage"},"thumbnailUrl":"https:\/\/www.joebike.fr\/wp-content\/uploads\/2026\/01\/CYCLOTOURISME.png","datePublished":"2026-01-26T09:00:11+00:00","description":"Garder le moral en automne ? Le v\u00e9lo est un vrai antidote au blues saisonnier : bienfaits physiques, mentaux et bonnes ondes garanties.","breadcrumb":{"@id":"https:\/\/www.joebike.fr\/cyclotourisme-dans-les-landes-le-pays-basque-preparatifs-hebergements-et-conseils-pratiques\/#breadcrumb"},"inLanguage":"en-GB","potentialAction":[{"@type":"ReadAction","target":["https:\/\/www.joebike.fr\/cyclotourisme-dans-les-landes-le-pays-basque-preparatifs-hebergements-et-conseils-pratiques\/"]}]},{"@type":"ImageObject","inLanguage":"en-GB","@id":"https:\/\/www.joebike.fr\/cyclotourisme-dans-les-landes-le-pays-basque-preparatifs-hebergements-et-conseils-pratiques\/#primaryimage","url":"https:\/\/www.joebike.fr\/wp-content\/uploads\/2026\/01\/CYCLOTOURISME.png","contentUrl":"https:\/\/www.joebike.fr\/wp-content\/uploads\/2026\/01\/CYCLOTOURISME.png","width":1920,"height":1280},{"@type":"BreadcrumbList","@id":"https:\/\/www.joebike.fr\/cyclotourisme-dans-les-landes-le-pays-basque-preparatifs-hebergements-et-conseils-pratiques\/#breadcrumb","itemListElement":[{"@type":"ListItem","position":1,"name":"Accueil","item":"https:\/\/www.joebike.fr\/"},{"@type":"ListItem","position":2,"name":"Cyclotourisme dans les Landes &#038; le Pays Basque : pr\u00e9paratifs, h\u00e9bergements et conseils pratiques"}]},{"@type":"WebSite","@id":"https:\/\/www.joebike.fr\/#website","url":"https:\/\/www.joebike.fr\/","name":"Joe Bike","description":"Bike hire in the Landes, the Basque Country and the Pyrenees","publisher":{"@id":"https:\/\/www.joebike.fr\/#organization"},"potentialAction":[{"@type":"SearchAction","target":{"@type":"EntryPoint","urlTemplate":"https:\/\/www.joebike.fr\/?s={search_term_string}"},"query-input":{"@type":"PropertyValueSpecification","valueRequired":true,"valueName":"search_term_string"}}],"inLanguage":"en-GB"},{"@type":"Organization","@id":"https:\/\/www.joebike.fr\/#organization","name":"Joe Bike, specialist in bike hire","url":"https:\/\/www.joebike.fr\/","logo":{"@type":"ImageObject","inLanguage":"en-GB","@id":"https:\/\/www.joebike.fr\/#\/schema\/logo\/image\/","url":"https:\/\/www.joebike.fr\/wp-content\/uploads\/2022\/04\/LOGO-JB-22_PNG.png","contentUrl":"https:\/\/www.joebike.fr\/wp-content\/uploads\/2022\/04\/LOGO-JB-22_PNG.png","width":473,"height":473,"caption":"Joe Bike, sp\u00e9cialiste en location v\u00e9lo"},"image":{"@id":"https:\/\/www.joebike.fr\/#\/schema\/logo\/image\/"},"sameAs":["https:\/\/www.facebook.com\/joebikefrance","https:\/\/www.instagram.com\/joebikefrance"]},{"@type":"Person","@id":"https:\/\/www.joebike.fr\/#\/schema\/person\/8064fd0373e9e5b86d16d41ce97d4674","name":"joe bike","image":{"@type":"ImageObject","inLanguage":"en-GB","@id":"https:\/\/secure.gravatar.com\/avatar\/7f4f96fc95221c6ed5840c843434d95484ba34b2e8718e2116b04451518ac0d3?s=96&d=mm&r=g","url":"https:\/\/secure.gravatar.com\/avatar\/7f4f96fc95221c6ed5840c843434d95484ba34b2e8718e2116b04451518ac0d3?s=96&d=mm&r=g","contentUrl":"https:\/\/secure.gravatar.com\/avatar\/7f4f96fc95221c6ed5840c843434d95484ba34b2e8718e2116b04451518ac0d3?s=96&d=mm&r=g","caption":"joe bike"},"sameAs":["http:\/\/www.joebike.fr"]}]}},"_links":{"self":[{"href":"https:\/\/www.joebike.fr\/en\/wp-json\/wp\/v2\/posts\/14744","targetHints":{"allow":["GET"]}}],"collection":[{"href":"https:\/\/www.joebike.fr\/en\/wp-json\/wp\/v2\/posts"}],"about":[{"href":"https:\/\/www.joebike.fr\/en\/wp-json\/wp\/v2\/types\/post"}],"author":[{"embeddable":true,"href":"https:\/\/www.joebike.fr\/en\/wp-json\/wp\/v2\/users\/1"}],"replies":[{"embeddable":true,"href":"https:\/\/www.joebike.fr\/en\/wp-json\/wp\/v2\/comments?post=14744"}],"version-history":[{"count":0,"href":"https:\/\/www.joebike.fr\/en\/wp-json\/wp\/v2\/posts\/14744\/revisions"}],"wp:featuredmedia":[{"embeddable":true,"href":"https:\/\/www.joebike.fr\/en\/wp-json\/wp\/v2\/media\/14746"}],"wp:attachment":[{"href":"https:\/\/www.joebike.fr\/en\/wp-json\/wp\/v2\/media?parent=14744"}],"wp:term":[{"taxonomy":"category","embeddable":true,"href":"https:\/\/www.joebike.fr\/en\/wp-json\/wp\/v2\/categories?post=14744"},{"taxonomy":"post_tag","embeddable":true,"href":"https:\/\/www.joebike.fr\/en\/wp-json\/wp\/v2\/tags?post=14744"}],"curies":[{"name":"wp","href":"https:\/\/api.w.org\/{rel}","templated":true}]}}