{"id":12215,"date":"2025-04-21T10:00:18","date_gmt":"2025-04-21T08:00:18","guid":{"rendered":"https:\/\/www.joebike.fr\/?p=12215"},"modified":"2025-04-16T11:34:05","modified_gmt":"2025-04-16T09:34:05","slug":"les-velos-moustache-sont-maintenant-disponibles-a-la-vente-chez-joe-bike-a-anglet","status":"publish","type":"post","link":"https:\/\/www.joebike.fr\/es\/les-velos-moustache-sont-maintenant-disponibles-a-la-vente-chez-joe-bike-a-anglet\/","title":{"rendered":"Les v\u00e9los Moustache sont maintenant disponibles \u00e0 la vente chez Joe Bike \u00e0 Anglet !"},"content":{"rendered":"<div data-elementor-type=\"wp-post\" data-elementor-id=\"12215\" class=\"elementor elementor-12215\" data-elementor-post-type=\"post\">\n\t\t\t\t<div class=\"elementor-element elementor-element-fd4ee8a e-flex e-con-boxed e-con e-parent\" data-id=\"fd4ee8a\" data-element_type=\"container\" data-e-type=\"container\">\n\t\t\t\t\t<div class=\"e-con-inner\">\n\t\t\t\t<div class=\"elementor-element elementor-element-a936bca elementor-widget elementor-widget-text-editor\" data-id=\"a936bca\" data-element_type=\"widget\" data-e-type=\"widget\" data-widget_type=\"text-editor.default\">\n\t\t\t\t<div class=\"elementor-widget-container\">\n\t\t\t\t\t\t\t\t\t<p><strong>Les connaisseurs le savent : les v\u00e9los Moustache, c\u2019est le top du top en mati\u00e8re de v\u00e9los \u00e9lectriques. Design, confort, puissance, autonomie\u2026 ils cochent toutes les cases. Et bonne nouvelle : ils sont maintenant disponibles \u00e0 la vente chez Joe Bike \u00e0 Anglet !<\/strong><\/p>\t\t\t\t\t\t\t\t<\/div>\n\t\t\t\t<\/div>\n\t\t\t\t\t<\/div>\n\t\t\t\t<\/div>\n\t\t<div class=\"elementor-element elementor-element-2b47de6 e-flex e-con-boxed e-con e-parent\" data-id=\"2b47de6\" data-element_type=\"container\" data-e-type=\"container\">\n\t\t\t\t\t<div class=\"e-con-inner\">\n\t\t\t\t<div class=\"elementor-element elementor-element-0e320b0 elementor-widget elementor-widget-heading\" data-id=\"0e320b0\" data-element_type=\"widget\" data-e-type=\"widget\" data-widget_type=\"heading.default\">\n\t\t\t\t<div class=\"elementor-widget-container\">\n\t\t\t\t\t<h4 class=\"elementor-heading-title elementor-size-default\">Moustache, la r\u00e9f\u00e9rence made in France<\/h4>\t\t\t\t<\/div>\n\t\t\t\t<\/div>\n\t\t\t\t<div class=\"elementor-element elementor-element-ebc3369 elementor-widget elementor-widget-text-editor\" data-id=\"ebc3369\" data-element_type=\"widget\" data-e-type=\"widget\" data-widget_type=\"text-editor.default\">\n\t\t\t\t<div class=\"elementor-widget-container\">\n\t\t\t\t\t\t\t\t\t<p>Depuis plusieurs ann\u00e9es, <strong><a href=\"https:\/\/moustachebikes.com\/fr\/\" target=\"_blank\" rel=\"noopener\">Bigote<\/a><\/strong> s\u2019est impos\u00e9 comme une marque haut de gamme, avec une vraie vision du v\u00e9lo \u00e9lectrique :<\/p><ul><li>Des cadres au design unique<\/li><li>Des moteurs Bosch ultra-performants<\/li><li>Une ergonomie pens\u00e9e pour le quotidien comme pour l\u2019aventure<\/li><\/ul><p>Id\u00e9al pour aller bosser, faire ses courses, ou partir en vir\u00e9e les pistes cyclables du Pays Basque\u00a0<\/p>\t\t\t\t\t\t\t\t<\/div>\n\t\t\t\t<\/div>\n\t\t\t\t\t<\/div>\n\t\t\t\t<\/div>\n\t\t<div class=\"elementor-element elementor-element-48a765b e-flex e-con-boxed e-con e-parent\" data-id=\"48a765b\" data-element_type=\"container\" data-e-type=\"container\">\n\t\t\t\t\t<div class=\"e-con-inner\">\n\t\t\t\t<div class=\"elementor-element elementor-element-eef065f elementor-widget elementor-widget-heading\" data-id=\"eef065f\" data-element_type=\"widget\" data-e-type=\"widget\" data-widget_type=\"heading.default\">\n\t\t\t\t<div class=\"elementor-widget-container\">\n\t\t\t\t\t<h4 class=\"elementor-heading-title elementor-size-default\">En vente \u00e0 Hossegor et maintenant aussi \u00e0 Anglet <\/h4>\t\t\t\t<\/div>\n\t\t\t\t<\/div>\n\t\t\t\t<div class=\"elementor-element elementor-element-5cb193d elementor-widget elementor-widget-text-editor\" data-id=\"5cb193d\" data-element_type=\"widget\" data-e-type=\"widget\" data-widget_type=\"text-editor.default\">\n\t\t\t\t<div class=\"elementor-widget-container\">\n\t\t\t\t\t\t\t\t\t<p>La marque Moustache \u00e9tait d\u00e9j\u00e0 commercialis\u00e9e dans notre magasin Joe Bike \u00e0 Hossegor, mais vous \u00e9tiez nombreux \u00e0 en vouloir aussi du c\u00f4t\u00e9 du Pays basque. C\u2019est fait : vous pouvez d\u00e9sormais venir voir, tester et acheter votre v\u00e9lo Moustache dans notre shop d\u2019Anglet (114 Avenue de l&rsquo;Adour)<\/p><p>Nous disposons de plusieurs mod\u00e8les en stock \u00e0 venir voir et essayer sans plus tarder !\u00a0<\/p>\t\t\t\t\t\t\t\t<\/div>\n\t\t\t\t<\/div>\n\t\t\t\t\t<\/div>\n\t\t\t\t<\/div>\n\t\t<div class=\"elementor-element elementor-element-63b5ce8 e-flex e-con-boxed e-con e-parent\" data-id=\"63b5ce8\" data-element_type=\"container\" data-e-type=\"container\">\n\t\t\t\t\t<div class=\"e-con-inner\">\n\t\t\t\t<div class=\"elementor-element elementor-element-20e24e5 elementor-widget elementor-widget-heading\" data-id=\"20e24e5\" data-element_type=\"widget\" data-e-type=\"widget\" data-widget_type=\"heading.default\">\n\t\t\t\t<div class=\"elementor-widget-container\">\n\t\t\t\t\t<h4 class=\"elementor-heading-title elementor-size-default\">Nos ateliers assurent l\u2019entretien<\/h4>\t\t\t\t<\/div>\n\t\t\t\t<\/div>\n\t\t\t\t<div class=\"elementor-element elementor-element-174f6ea elementor-widget elementor-widget-text-editor\" data-id=\"174f6ea\" data-element_type=\"widget\" data-e-type=\"widget\" data-widget_type=\"text-editor.default\">\n\t\t\t\t<div class=\"elementor-widget-container\">\n\t\t\t\t\t\t\t\t\t<p>Acheter chez Joe Bike, c\u2019est aussi avoir un atelier de r\u00e9paration et d\u2019entretien \u00e0 port\u00e9e de main, pour assurer la long\u00e9vit\u00e9 de ton v\u00e9lo Moustache.<\/p>\t\t\t\t\t\t\t\t<\/div>\n\t\t\t\t<\/div>\n\t\t\t\t\t<\/div>\n\t\t\t\t<\/div>\n\t\t\t\t<\/div>","protected":false},"excerpt":{"rendered":"<p>Les connaisseurs le savent : les v\u00e9los Moustache, c\u2019est le top du top en mati\u00e8re de v\u00e9los \u00e9lectriques. Design, confort, puissance, autonomie\u2026 ils cochent toutes les cases. Et bonne nouvelle : ils sont maintenant disponibles \u00e0 la vente chez Joe Bike \u00e0 Anglet ! Moustache, la r\u00e9f\u00e9rence made in France Depuis plusieurs ann\u00e9es, Moustache s\u2019est [&hellip;]<\/p>\n","protected":false},"author":1,"featured_media":12216,"comment_status":"closed","ping_status":"closed","sticky":false,"template":"","format":"standard","meta":{"_acf_changed":false,"footnotes":""},"categories":[1],"tags":[],"class_list":["post-12215","post","type-post","status-publish","format-standard","has-post-thumbnail","hentry","category-non-classe"],"acf":[],"yoast_head":"<!-- This site is optimized with the Yoast SEO Premium plugin v26.6 (Yoast SEO v27.5) - https:\/\/yoast.com\/product\/yoast-seo-premium-wordpress\/ -->\n<title>Les v\u00e9los Moustache sont maintenant disponibles \u00e0 la vente chez Joe Bike \u00e0 Anglet ! - Joe Bike<\/title>\n<meta name=\"robots\" content=\"index, follow, max-snippet:-1, max-image-preview:large, max-video-preview:-1\" \/>\n<link rel=\"canonical\" href=\"https:\/\/www.joebike.fr\/es\/les-velos-moustache-sont-maintenant-disponibles-a-la-vente-chez-joe-bike-a-anglet\/\" \/>\n<meta property=\"og:locale\" content=\"es_ES\" \/>\n<meta property=\"og:type\" content=\"article\" \/>\n<meta property=\"og:title\" content=\"Les v\u00e9los Moustache sont maintenant disponibles \u00e0 la vente chez Joe Bike \u00e0 Anglet !\" \/>\n<meta property=\"og:description\" content=\"Les connaisseurs le savent : les v\u00e9los Moustache, c\u2019est le top du top en mati\u00e8re de v\u00e9los \u00e9lectriques. Design, confort, puissance, autonomie\u2026 ils cochent toutes les cases. Et bonne nouvelle : ils sont maintenant disponibles \u00e0 la vente chez Joe Bike \u00e0 Anglet ! Moustache, la r\u00e9f\u00e9rence made in France Depuis plusieurs ann\u00e9es, Moustache s\u2019est [&hellip;]\" \/>\n<meta property=\"og:url\" content=\"https:\/\/www.joebike.fr\/es\/les-velos-moustache-sont-maintenant-disponibles-a-la-vente-chez-joe-bike-a-anglet\/\" \/>\n<meta property=\"og:site_name\" content=\"Joe Bike\" \/>\n<meta property=\"article:publisher\" content=\"https:\/\/www.facebook.com\/joebikefrance\" \/>\n<meta property=\"article:published_time\" content=\"2025-04-21T08:00:18+00:00\" \/>\n<meta property=\"og:image\" content=\"https:\/\/www.joebike.fr\/wp-content\/uploads\/2025\/04\/Vente-velo-Moustache-Anglet-scaled.jpg\" \/>\n\t<meta property=\"og:image:width\" content=\"2560\" \/>\n\t<meta property=\"og:image:height\" content=\"1920\" \/>\n\t<meta property=\"og:image:type\" content=\"image\/jpeg\" \/>\n<meta name=\"author\" content=\"joe bike\" \/>\n<meta name=\"twitter:card\" content=\"summary_large_image\" \/>\n<script type=\"application\/ld+json\" class=\"yoast-schema-graph\">{\"@context\":\"https:\\\/\\\/schema.org\",\"@graph\":[{\"@type\":\"Article\",\"@id\":\"https:\\\/\\\/www.joebike.fr\\\/les-velos-moustache-sont-maintenant-disponibles-a-la-vente-chez-joe-bike-a-anglet\\\/#article\",\"isPartOf\":{\"@id\":\"https:\\\/\\\/www.joebike.fr\\\/les-velos-moustache-sont-maintenant-disponibles-a-la-vente-chez-joe-bike-a-anglet\\\/\"},\"author\":{\"name\":\"joe bike\",\"@id\":\"https:\\\/\\\/www.joebike.fr\\\/#\\\/schema\\\/person\\\/8064fd0373e9e5b86d16d41ce97d4674\"},\"headline\":\"Les v\u00e9los Moustache sont maintenant disponibles \u00e0 la vente chez Joe Bike \u00e0 Anglet !\",\"datePublished\":\"2025-04-21T08:00:18+00:00\",\"mainEntityOfPage\":{\"@id\":\"https:\\\/\\\/www.joebike.fr\\\/les-velos-moustache-sont-maintenant-disponibles-a-la-vente-chez-joe-bike-a-anglet\\\/\"},\"wordCount\":234,\"publisher\":{\"@id\":\"https:\\\/\\\/www.joebike.fr\\\/#organization\"},\"image\":{\"@id\":\"https:\\\/\\\/www.joebike.fr\\\/les-velos-moustache-sont-maintenant-disponibles-a-la-vente-chez-joe-bike-a-anglet\\\/#primaryimage\"},\"thumbnailUrl\":\"https:\\\/\\\/www.joebike.fr\\\/wp-content\\\/uploads\\\/2025\\\/04\\\/Vente-velo-Moustache-Anglet.jpg\",\"articleSection\":[\"Non class\u00e9\"],\"inLanguage\":\"es\"},{\"@type\":\"WebPage\",\"@id\":\"https:\\\/\\\/www.joebike.fr\\\/les-velos-moustache-sont-maintenant-disponibles-a-la-vente-chez-joe-bike-a-anglet\\\/\",\"url\":\"https:\\\/\\\/www.joebike.fr\\\/les-velos-moustache-sont-maintenant-disponibles-a-la-vente-chez-joe-bike-a-anglet\\\/\",\"name\":\"Les v\u00e9los Moustache sont maintenant disponibles \u00e0 la vente chez Joe Bike \u00e0 Anglet ! - Joe Bike\",\"isPartOf\":{\"@id\":\"https:\\\/\\\/www.joebike.fr\\\/#website\"},\"primaryImageOfPage\":{\"@id\":\"https:\\\/\\\/www.joebike.fr\\\/les-velos-moustache-sont-maintenant-disponibles-a-la-vente-chez-joe-bike-a-anglet\\\/#primaryimage\"},\"image\":{\"@id\":\"https:\\\/\\\/www.joebike.fr\\\/les-velos-moustache-sont-maintenant-disponibles-a-la-vente-chez-joe-bike-a-anglet\\\/#primaryimage\"},\"thumbnailUrl\":\"https:\\\/\\\/www.joebike.fr\\\/wp-content\\\/uploads\\\/2025\\\/04\\\/Vente-velo-Moustache-Anglet.jpg\",\"datePublished\":\"2025-04-21T08:00:18+00:00\",\"breadcrumb\":{\"@id\":\"https:\\\/\\\/www.joebike.fr\\\/les-velos-moustache-sont-maintenant-disponibles-a-la-vente-chez-joe-bike-a-anglet\\\/#breadcrumb\"},\"inLanguage\":\"es\",\"potentialAction\":[{\"@type\":\"ReadAction\",\"target\":[\"https:\\\/\\\/www.joebike.fr\\\/les-velos-moustache-sont-maintenant-disponibles-a-la-vente-chez-joe-bike-a-anglet\\\/\"]}]},{\"@type\":\"ImageObject\",\"inLanguage\":\"es\",\"@id\":\"https:\\\/\\\/www.joebike.fr\\\/les-velos-moustache-sont-maintenant-disponibles-a-la-vente-chez-joe-bike-a-anglet\\\/#primaryimage\",\"url\":\"https:\\\/\\\/www.joebike.fr\\\/wp-content\\\/uploads\\\/2025\\\/04\\\/Vente-velo-Moustache-Anglet.jpg\",\"contentUrl\":\"https:\\\/\\\/www.joebike.fr\\\/wp-content\\\/uploads\\\/2025\\\/04\\\/Vente-velo-Moustache-Anglet.jpg\",\"width\":2560,\"height\":1920,\"caption\":\"Processed with VSCO with a4 preset\"},{\"@type\":\"BreadcrumbList\",\"@id\":\"https:\\\/\\\/www.joebike.fr\\\/les-velos-moustache-sont-maintenant-disponibles-a-la-vente-chez-joe-bike-a-anglet\\\/#breadcrumb\",\"itemListElement\":[{\"@type\":\"ListItem\",\"position\":1,\"name\":\"Accueil\",\"item\":\"https:\\\/\\\/www.joebike.fr\\\/\"},{\"@type\":\"ListItem\",\"position\":2,\"name\":\"Les v\u00e9los Moustache sont maintenant disponibles \u00e0 la vente chez Joe Bike \u00e0 Anglet !\"}]},{\"@type\":\"WebSite\",\"@id\":\"https:\\\/\\\/www.joebike.fr\\\/#website\",\"url\":\"https:\\\/\\\/www.joebike.fr\\\/\",\"name\":\"Joe Bike\",\"description\":\"Location de v\u00e9lo dans les Landes, le Pays Basque et les Pyr\u00e9n\u00e9es\",\"publisher\":{\"@id\":\"https:\\\/\\\/www.joebike.fr\\\/#organization\"},\"potentialAction\":[{\"@type\":\"SearchAction\",\"target\":{\"@type\":\"EntryPoint\",\"urlTemplate\":\"https:\\\/\\\/www.joebike.fr\\\/?s={search_term_string}\"},\"query-input\":{\"@type\":\"PropertyValueSpecification\",\"valueRequired\":true,\"valueName\":\"search_term_string\"}}],\"inLanguage\":\"es\"},{\"@type\":\"Organization\",\"@id\":\"https:\\\/\\\/www.joebike.fr\\\/#organization\",\"name\":\"Joe Bike, sp\u00e9cialiste en location v\u00e9lo\",\"url\":\"https:\\\/\\\/www.joebike.fr\\\/\",\"logo\":{\"@type\":\"ImageObject\",\"inLanguage\":\"es\",\"@id\":\"https:\\\/\\\/www.joebike.fr\\\/#\\\/schema\\\/logo\\\/image\\\/\",\"url\":\"https:\\\/\\\/www.joebike.fr\\\/wp-content\\\/uploads\\\/2022\\\/04\\\/LOGO-JB-22_PNG.png\",\"contentUrl\":\"https:\\\/\\\/www.joebike.fr\\\/wp-content\\\/uploads\\\/2022\\\/04\\\/LOGO-JB-22_PNG.png\",\"width\":473,\"height\":473,\"caption\":\"Joe Bike, sp\u00e9cialiste en location v\u00e9lo\"},\"image\":{\"@id\":\"https:\\\/\\\/www.joebike.fr\\\/#\\\/schema\\\/logo\\\/image\\\/\"},\"sameAs\":[\"https:\\\/\\\/www.facebook.com\\\/joebikefrance\",\"https:\\\/\\\/www.instagram.com\\\/joebikefrance\"]},{\"@type\":\"Person\",\"@id\":\"https:\\\/\\\/www.joebike.fr\\\/#\\\/schema\\\/person\\\/8064fd0373e9e5b86d16d41ce97d4674\",\"name\":\"joe bike\",\"image\":{\"@type\":\"ImageObject\",\"inLanguage\":\"es\",\"@id\":\"https:\\\/\\\/secure.gravatar.com\\\/avatar\\\/7f4f96fc95221c6ed5840c843434d95484ba34b2e8718e2116b04451518ac0d3?s=96&d=mm&r=g\",\"url\":\"https:\\\/\\\/secure.gravatar.com\\\/avatar\\\/7f4f96fc95221c6ed5840c843434d95484ba34b2e8718e2116b04451518ac0d3?s=96&d=mm&r=g\",\"contentUrl\":\"https:\\\/\\\/secure.gravatar.com\\\/avatar\\\/7f4f96fc95221c6ed5840c843434d95484ba34b2e8718e2116b04451518ac0d3?s=96&d=mm&r=g\",\"caption\":\"joe bike\"},\"sameAs\":[\"http:\\\/\\\/www.joebike.fr\"]}]}<\/script>\n<!-- \/ Yoast SEO Premium plugin. -->","yoast_head_json":{"title":"Les v\u00e9los Moustache sont maintenant disponibles \u00e0 la vente chez Joe Bike \u00e0 Anglet ! - Joe Bike","robots":{"index":"index","follow":"follow","max-snippet":"max-snippet:-1","max-image-preview":"max-image-preview:large","max-video-preview":"max-video-preview:-1"},"canonical":"https:\/\/www.joebike.fr\/es\/les-velos-moustache-sont-maintenant-disponibles-a-la-vente-chez-joe-bike-a-anglet\/","og_locale":"es_ES","og_type":"article","og_title":"Les v\u00e9los Moustache sont maintenant disponibles \u00e0 la vente chez Joe Bike \u00e0 Anglet !","og_description":"Les connaisseurs le savent : les v\u00e9los Moustache, c\u2019est le top du top en mati\u00e8re de v\u00e9los \u00e9lectriques. Design, confort, puissance, autonomie\u2026 ils cochent toutes les cases. Et bonne nouvelle : ils sont maintenant disponibles \u00e0 la vente chez Joe Bike \u00e0 Anglet ! Moustache, la r\u00e9f\u00e9rence made in France Depuis plusieurs ann\u00e9es, Moustache s\u2019est [&hellip;]","og_url":"https:\/\/www.joebike.fr\/es\/les-velos-moustache-sont-maintenant-disponibles-a-la-vente-chez-joe-bike-a-anglet\/","og_site_name":"Joe Bike","article_publisher":"https:\/\/www.facebook.com\/joebikefrance","article_published_time":"2025-04-21T08:00:18+00:00","og_image":[{"width":2560,"height":1920,"url":"https:\/\/www.joebike.fr\/wp-content\/uploads\/2025\/04\/Vente-velo-Moustache-Anglet-scaled.jpg","type":"image\/jpeg"}],"author":"joe bike","twitter_card":"summary_large_image","schema":{"@context":"https:\/\/schema.org","@graph":[{"@type":"Article","@id":"https:\/\/www.joebike.fr\/les-velos-moustache-sont-maintenant-disponibles-a-la-vente-chez-joe-bike-a-anglet\/#article","isPartOf":{"@id":"https:\/\/www.joebike.fr\/les-velos-moustache-sont-maintenant-disponibles-a-la-vente-chez-joe-bike-a-anglet\/"},"author":{"name":"joe bike","@id":"https:\/\/www.joebike.fr\/#\/schema\/person\/8064fd0373e9e5b86d16d41ce97d4674"},"headline":"Les v\u00e9los Moustache sont maintenant disponibles \u00e0 la vente chez Joe Bike \u00e0 Anglet !","datePublished":"2025-04-21T08:00:18+00:00","mainEntityOfPage":{"@id":"https:\/\/www.joebike.fr\/les-velos-moustache-sont-maintenant-disponibles-a-la-vente-chez-joe-bike-a-anglet\/"},"wordCount":234,"publisher":{"@id":"https:\/\/www.joebike.fr\/#organization"},"image":{"@id":"https:\/\/www.joebike.fr\/les-velos-moustache-sont-maintenant-disponibles-a-la-vente-chez-joe-bike-a-anglet\/#primaryimage"},"thumbnailUrl":"https:\/\/www.joebike.fr\/wp-content\/uploads\/2025\/04\/Vente-velo-Moustache-Anglet.jpg","articleSection":["Non class\u00e9"],"inLanguage":"es"},{"@type":"WebPage","@id":"https:\/\/www.joebike.fr\/les-velos-moustache-sont-maintenant-disponibles-a-la-vente-chez-joe-bike-a-anglet\/","url":"https:\/\/www.joebike.fr\/les-velos-moustache-sont-maintenant-disponibles-a-la-vente-chez-joe-bike-a-anglet\/","name":"Les v\u00e9los Moustache sont maintenant disponibles \u00e0 la vente chez Joe Bike \u00e0 Anglet ! - Joe Bike","isPartOf":{"@id":"https:\/\/www.joebike.fr\/#website"},"primaryImageOfPage":{"@id":"https:\/\/www.joebike.fr\/les-velos-moustache-sont-maintenant-disponibles-a-la-vente-chez-joe-bike-a-anglet\/#primaryimage"},"image":{"@id":"https:\/\/www.joebike.fr\/les-velos-moustache-sont-maintenant-disponibles-a-la-vente-chez-joe-bike-a-anglet\/#primaryimage"},"thumbnailUrl":"https:\/\/www.joebike.fr\/wp-content\/uploads\/2025\/04\/Vente-velo-Moustache-Anglet.jpg","datePublished":"2025-04-21T08:00:18+00:00","breadcrumb":{"@id":"https:\/\/www.joebike.fr\/les-velos-moustache-sont-maintenant-disponibles-a-la-vente-chez-joe-bike-a-anglet\/#breadcrumb"},"inLanguage":"es","potentialAction":[{"@type":"ReadAction","target":["https:\/\/www.joebike.fr\/les-velos-moustache-sont-maintenant-disponibles-a-la-vente-chez-joe-bike-a-anglet\/"]}]},{"@type":"ImageObject","inLanguage":"es","@id":"https:\/\/www.joebike.fr\/les-velos-moustache-sont-maintenant-disponibles-a-la-vente-chez-joe-bike-a-anglet\/#primaryimage","url":"https:\/\/www.joebike.fr\/wp-content\/uploads\/2025\/04\/Vente-velo-Moustache-Anglet.jpg","contentUrl":"https:\/\/www.joebike.fr\/wp-content\/uploads\/2025\/04\/Vente-velo-Moustache-Anglet.jpg","width":2560,"height":1920,"caption":"Processed with VSCO with a4 preset"},{"@type":"BreadcrumbList","@id":"https:\/\/www.joebike.fr\/les-velos-moustache-sont-maintenant-disponibles-a-la-vente-chez-joe-bike-a-anglet\/#breadcrumb","itemListElement":[{"@type":"ListItem","position":1,"name":"Accueil","item":"https:\/\/www.joebike.fr\/"},{"@type":"ListItem","position":2,"name":"Les v\u00e9los Moustache sont maintenant disponibles \u00e0 la vente chez Joe Bike \u00e0 Anglet !"}]},{"@type":"WebSite","@id":"https:\/\/www.joebike.fr\/#website","url":"https:\/\/www.joebike.fr\/","name":"Joe Bike","description":"Alquiler de bicicletas en las Landas, el Pa\u00eds Vasco y los Pirineos","publisher":{"@id":"https:\/\/www.joebike.fr\/#organization"},"potentialAction":[{"@type":"SearchAction","target":{"@type":"EntryPoint","urlTemplate":"https:\/\/www.joebike.fr\/?s={search_term_string}"},"query-input":{"@type":"PropertyValueSpecification","valueRequired":true,"valueName":"search_term_string"}}],"inLanguage":"es"},{"@type":"Organization","@id":"https:\/\/www.joebike.fr\/#organization","name":"Joe Bike, especialista en alquiler de bicicletas","url":"https:\/\/www.joebike.fr\/","logo":{"@type":"ImageObject","inLanguage":"es","@id":"https:\/\/www.joebike.fr\/#\/schema\/logo\/image\/","url":"https:\/\/www.joebike.fr\/wp-content\/uploads\/2022\/04\/LOGO-JB-22_PNG.png","contentUrl":"https:\/\/www.joebike.fr\/wp-content\/uploads\/2022\/04\/LOGO-JB-22_PNG.png","width":473,"height":473,"caption":"Joe Bike, sp\u00e9cialiste en location v\u00e9lo"},"image":{"@id":"https:\/\/www.joebike.fr\/#\/schema\/logo\/image\/"},"sameAs":["https:\/\/www.facebook.com\/joebikefrance","https:\/\/www.instagram.com\/joebikefrance"]},{"@type":"Person","@id":"https:\/\/www.joebike.fr\/#\/schema\/person\/8064fd0373e9e5b86d16d41ce97d4674","name":"joe bike","image":{"@type":"ImageObject","inLanguage":"es","@id":"https:\/\/secure.gravatar.com\/avatar\/7f4f96fc95221c6ed5840c843434d95484ba34b2e8718e2116b04451518ac0d3?s=96&d=mm&r=g","url":"https:\/\/secure.gravatar.com\/avatar\/7f4f96fc95221c6ed5840c843434d95484ba34b2e8718e2116b04451518ac0d3?s=96&d=mm&r=g","contentUrl":"https:\/\/secure.gravatar.com\/avatar\/7f4f96fc95221c6ed5840c843434d95484ba34b2e8718e2116b04451518ac0d3?s=96&d=mm&r=g","caption":"joe bike"},"sameAs":["http:\/\/www.joebike.fr"]}]}},"_links":{"self":[{"href":"https:\/\/www.joebike.fr\/es\/wp-json\/wp\/v2\/posts\/12215","targetHints":{"allow":["GET"]}}],"collection":[{"href":"https:\/\/www.joebike.fr\/es\/wp-json\/wp\/v2\/posts"}],"about":[{"href":"https:\/\/www.joebike.fr\/es\/wp-json\/wp\/v2\/types\/post"}],"author":[{"embeddable":true,"href":"https:\/\/www.joebike.fr\/es\/wp-json\/wp\/v2\/users\/1"}],"replies":[{"embeddable":true,"href":"https:\/\/www.joebike.fr\/es\/wp-json\/wp\/v2\/comments?post=12215"}],"version-history":[{"count":0,"href":"https:\/\/www.joebike.fr\/es\/wp-json\/wp\/v2\/posts\/12215\/revisions"}],"wp:featuredmedia":[{"embeddable":true,"href":"https:\/\/www.joebike.fr\/es\/wp-json\/wp\/v2\/media\/12216"}],"wp:attachment":[{"href":"https:\/\/www.joebike.fr\/es\/wp-json\/wp\/v2\/media?parent=12215"}],"wp:term":[{"taxonomy":"category","embeddable":true,"href":"https:\/\/www.joebike.fr\/es\/wp-json\/wp\/v2\/categories?post=12215"},{"taxonomy":"post_tag","embeddable":true,"href":"https:\/\/www.joebike.fr\/es\/wp-json\/wp\/v2\/tags?post=12215"}],"curies":[{"name":"wp","href":"https:\/\/api.w.org\/{rel}","templated":true}]}}