{"id":12843,"date":"2025-06-23T10:00:47","date_gmt":"2025-06-23T08:00:47","guid":{"rendered":"https:\/\/www.joebike.fr\/?p=12843"},"modified":"2025-06-10T10:39:20","modified_gmt":"2025-06-10T08:39:20","slug":"aller-surfer-a-velo-louez-votre-velo-avec-rack-de-surf-chez-joe-bike","status":"publish","type":"post","link":"https:\/\/www.joebike.fr\/es\/aller-surfer-a-velo-louez-votre-velo-avec-rack-de-surf-chez-joe-bike\/","title":{"rendered":"Aller surfer \u00e0 v\u00e9lo : louez votre v\u00e9lo avec rack de surf chez Joe Bike"},"content":{"rendered":"<div data-elementor-type=\"wp-post\" data-elementor-id=\"12843\" class=\"elementor elementor-12843\" data-elementor-post-type=\"post\">\n\t\t\t\t<div class=\"elementor-element elementor-element-fd4ee8a e-flex e-con-boxed e-con e-parent\" data-id=\"fd4ee8a\" data-element_type=\"container\" data-e-type=\"container\">\n\t\t\t\t\t<div class=\"e-con-inner\">\n\t\t\t\t<div class=\"elementor-element elementor-element-a936bca elementor-widget elementor-widget-text-editor\" data-id=\"a936bca\" data-element_type=\"widget\" data-e-type=\"widget\" data-widget_type=\"text-editor.default\">\n\t\t\t\t<div class=\"elementor-widget-container\">\n\t\t\t\t\t\t\t\t\t<p><strong>Les spots de surf attirent chaque jour des centaines de passionn\u00e9s. Entre bouchons, parkings satur\u00e9s et planches encombrantes, le v\u00e9lo \u00e9quip\u00e9 d\u2019un rack de surf devient le meilleur alli\u00e9 pour acc\u00e9der aux vagues\u2026 sans stress.\u00a0<\/strong><\/p>\t\t\t\t\t\t\t\t<\/div>\n\t\t\t\t<\/div>\n\t\t\t\t\t<\/div>\n\t\t\t\t<\/div>\n\t\t<div class=\"elementor-element elementor-element-2b47de6 e-flex e-con-boxed e-con e-parent\" data-id=\"2b47de6\" data-element_type=\"container\" data-e-type=\"container\">\n\t\t\t\t\t<div class=\"e-con-inner\">\n\t\t\t\t<div class=\"elementor-element elementor-element-0e320b0 elementor-widget elementor-widget-heading\" data-id=\"0e320b0\" data-element_type=\"widget\" data-e-type=\"widget\" data-widget_type=\"heading.default\">\n\t\t\t\t<div class=\"elementor-widget-container\">\n\t\t\t\t\t<h2 class=\"elementor-heading-title elementor-size-default\">Optez pour un v\u00e9lo avec rack de surf <\/h2>\t\t\t\t<\/div>\n\t\t\t\t<\/div>\n\t\t\t\t<div class=\"elementor-element elementor-element-ebc3369 elementor-widget elementor-widget-text-editor\" data-id=\"ebc3369\" data-element_type=\"widget\" data-e-type=\"widget\" data-widget_type=\"text-editor.default\">\n\t\t\t\t<div class=\"elementor-widget-container\">\n\t\t\t\t\t\t\t\t\t<p>Pas besoin de v\u00e9lo cargo ou d\u2019installation compliqu\u00e9e : un simple v\u00e9lo \u00e9quip\u00e9 d\u2019un rack lat\u00e9ral suffit pour transporter ta planche de surf, longboard ou soft top.<\/p><p><span style=\"text-decoration: underline;\"><strong>Les avantages :\u00a0<\/strong><\/span><\/p><ul><li>Pas d&#8217;embouteillages : tu files le long des pistes cyclables, m\u00eame en pleine saison.<\/li><li>Aucune difficult\u00e9 de stationnement : tu te gares \u00e0 deux pas du spot.<\/li><li>\u00c9colo &amp; pratique : aucun carburant, z\u00e9ro stress, z\u00e9ro bruit.<\/li><\/ul>\t\t\t\t\t\t\t\t<\/div>\n\t\t\t\t<\/div>\n\t\t\t\t<div class=\"elementor-element elementor-element-229f531 elementor-widget-divider--view-line elementor-widget elementor-widget-divider\" data-id=\"229f531\" data-element_type=\"widget\" data-e-type=\"widget\" data-widget_type=\"divider.default\">\n\t\t\t\t<div class=\"elementor-widget-container\">\n\t\t\t\t\t\t\t<div class=\"elementor-divider\">\n\t\t\t<span class=\"elementor-divider-separator\">\n\t\t\t\t\t\t<\/span>\n\t\t<\/div>\n\t\t\t\t\t\t<\/div>\n\t\t\t\t<\/div>\n\t\t\t\t\t<\/div>\n\t\t\t\t<\/div>\n\t\t<div class=\"elementor-element elementor-element-cd9367c e-flex e-con-boxed e-con e-parent\" data-id=\"cd9367c\" data-element_type=\"container\" data-e-type=\"container\">\n\t\t\t\t\t<div class=\"e-con-inner\">\n\t\t\t\t<div class=\"elementor-element elementor-element-f982cdd elementor-widget elementor-widget-heading\" data-id=\"f982cdd\" data-element_type=\"widget\" data-e-type=\"widget\" data-widget_type=\"heading.default\">\n\t\t\t\t<div class=\"elementor-widget-container\">\n\t\t\t\t\t<h2 class=\"elementor-heading-title elementor-size-default\">Installer un rack de surf sur son v\u00e9lo <\/h2>\t\t\t\t<\/div>\n\t\t\t\t<\/div>\n\t\t\t\t<div class=\"elementor-element elementor-element-bbf6151 elementor-widget elementor-widget-text-editor\" data-id=\"bbf6151\" data-element_type=\"widget\" data-e-type=\"widget\" data-widget_type=\"text-editor.default\">\n\t\t\t\t<div class=\"elementor-widget-container\">\n\t\t\t\t\t\t\t\t\t<p>Nos racks de surf lat\u00e9raux sont fix\u00e9s directement sur la tige de selle. Ils s\u2019adaptent aux planches jusqu&rsquo;\u00e0 8 pieds, et laissent suffisamment d\u2019espace pour p\u00e9daler en toute s\u00e9curit\u00e9.<\/p><ul><li>Le rack est en option lors de ta location : il te suffit de le demander au moment de la r\u00e9servation.<\/li><li>Installation rapide<\/li><\/ul>\t\t\t\t\t\t\t\t<\/div>\n\t\t\t\t<\/div>\n\t\t\t\t<div class=\"elementor-element elementor-element-ab8bab4 elementor-widget elementor-widget-button\" data-id=\"ab8bab4\" data-element_type=\"widget\" data-e-type=\"widget\" data-widget_type=\"button.default\">\n\t\t\t\t<div class=\"elementor-widget-container\">\n\t\t\t\t\t\t\t\t\t<div class=\"elementor-button-wrapper\">\n\t\t\t\t\t<a class=\"elementor-button elementor-button-link elementor-size-sm\" href=\"#elementor-action%3Aaction%3Dpopup%3Aopen%26settings%3DeyJpZCI6IjEwODUiLCJ0b2dnbGUiOmZhbHNlfQ%3D%3D\" target=\"_blank\">\n\t\t\t\t\t\t<span class=\"elementor-button-content-wrapper\">\n\t\t\t\t\t\t\t\t\t<span class=\"elementor-button-text\">Reserva tu bicicleta<\/span>\n\t\t\t\t\t<\/span>\n\t\t\t\t\t<\/a>\n\t\t\t\t<\/div>\n\t\t\t\t\t\t\t\t<\/div>\n\t\t\t\t<\/div>\n\t\t\t\t<div class=\"elementor-element elementor-element-ebb2935 elementor-widget-divider--view-line elementor-widget elementor-widget-divider\" data-id=\"ebb2935\" data-element_type=\"widget\" data-e-type=\"widget\" data-widget_type=\"divider.default\">\n\t\t\t\t<div class=\"elementor-widget-container\">\n\t\t\t\t\t\t\t<div class=\"elementor-divider\">\n\t\t\t<span class=\"elementor-divider-separator\">\n\t\t\t\t\t\t<\/span>\n\t\t<\/div>\n\t\t\t\t\t\t<\/div>\n\t\t\t\t<\/div>\n\t\t\t\t\t<\/div>\n\t\t\t\t<\/div>\n\t\t\t\t<\/div>","protected":false},"excerpt":{"rendered":"<p>Les spots de surf attirent chaque jour des centaines de passionn\u00e9s. Entre bouchons, parkings satur\u00e9s et planches encombrantes, le v\u00e9lo \u00e9quip\u00e9 d\u2019un rack de surf devient le meilleur alli\u00e9 pour acc\u00e9der aux vagues\u2026 sans stress.\u00a0 Optez pour un v\u00e9lo avec rack de surf Pas besoin de v\u00e9lo cargo ou d\u2019installation compliqu\u00e9e : un simple v\u00e9lo [&hellip;]<\/p>\n","protected":false},"author":1,"featured_media":12844,"comment_status":"closed","ping_status":"closed","sticky":false,"template":"","format":"standard","meta":{"_acf_changed":false,"footnotes":""},"categories":[204],"tags":[],"class_list":["post-12843","post","type-post","status-publish","format-standard","has-post-thumbnail","hentry","category-conseils"],"acf":[],"yoast_head":"<!-- This site is optimized with the Yoast SEO Premium plugin v26.6 (Yoast SEO v27.4) - https:\/\/yoast.com\/product\/yoast-seo-premium-wordpress\/ -->\n<title>Aller surfer \u00e0 v\u00e9lo : louez votre v\u00e9lo avec rack de surf chez Joe Bike - Joe Bike<\/title>\n<meta name=\"robots\" content=\"index, follow, max-snippet:-1, max-image-preview:large, max-video-preview:-1\" \/>\n<link rel=\"canonical\" href=\"https:\/\/www.joebike.fr\/es\/aller-surfer-a-velo-louez-votre-velo-avec-rack-de-surf-chez-joe-bike\/\" \/>\n<meta property=\"og:locale\" content=\"es_ES\" \/>\n<meta property=\"og:type\" content=\"article\" \/>\n<meta property=\"og:title\" content=\"Aller surfer \u00e0 v\u00e9lo : louez votre v\u00e9lo avec rack de surf chez Joe Bike\" \/>\n<meta property=\"og:description\" content=\"Les spots de surf attirent chaque jour des centaines de passionn\u00e9s. Entre bouchons, parkings satur\u00e9s et planches encombrantes, le v\u00e9lo \u00e9quip\u00e9 d\u2019un rack de surf devient le meilleur alli\u00e9 pour acc\u00e9der aux vagues\u2026 sans stress.\u00a0 Optez pour un v\u00e9lo avec rack de surf Pas besoin de v\u00e9lo cargo ou d\u2019installation compliqu\u00e9e : un simple v\u00e9lo [&hellip;]\" \/>\n<meta property=\"og:url\" content=\"https:\/\/www.joebike.fr\/es\/aller-surfer-a-velo-louez-votre-velo-avec-rack-de-surf-chez-joe-bike\/\" \/>\n<meta property=\"og:site_name\" content=\"Joe Bike\" \/>\n<meta property=\"article:publisher\" content=\"https:\/\/www.facebook.com\/joebikefrance\" \/>\n<meta property=\"article:published_time\" content=\"2025-06-23T08:00:47+00:00\" \/>\n<meta property=\"og:image\" content=\"https:\/\/www.joebike.fr\/wp-content\/uploads\/2025\/06\/Rack-surf-fatbike-hossegor-1024x809.png\" \/>\n\t<meta property=\"og:image:width\" content=\"1024\" \/>\n\t<meta property=\"og:image:height\" content=\"809\" \/>\n\t<meta property=\"og:image:type\" content=\"image\/png\" \/>\n<meta name=\"author\" content=\"joe bike\" \/>\n<meta name=\"twitter:card\" content=\"summary_large_image\" \/>\n<script type=\"application\/ld+json\" class=\"yoast-schema-graph\">{\"@context\":\"https:\\\/\\\/schema.org\",\"@graph\":[{\"@type\":\"Article\",\"@id\":\"https:\\\/\\\/www.joebike.fr\\\/aller-surfer-a-velo-louez-votre-velo-avec-rack-de-surf-chez-joe-bike\\\/#article\",\"isPartOf\":{\"@id\":\"https:\\\/\\\/www.joebike.fr\\\/aller-surfer-a-velo-louez-votre-velo-avec-rack-de-surf-chez-joe-bike\\\/\"},\"author\":{\"name\":\"joe bike\",\"@id\":\"https:\\\/\\\/www.joebike.fr\\\/#\\\/schema\\\/person\\\/8064fd0373e9e5b86d16d41ce97d4674\"},\"headline\":\"Aller surfer \u00e0 v\u00e9lo : louez votre v\u00e9lo avec rack de surf chez Joe Bike\",\"datePublished\":\"2025-06-23T08:00:47+00:00\",\"mainEntityOfPage\":{\"@id\":\"https:\\\/\\\/www.joebike.fr\\\/aller-surfer-a-velo-louez-votre-velo-avec-rack-de-surf-chez-joe-bike\\\/\"},\"wordCount\":206,\"publisher\":{\"@id\":\"https:\\\/\\\/www.joebike.fr\\\/#organization\"},\"image\":{\"@id\":\"https:\\\/\\\/www.joebike.fr\\\/aller-surfer-a-velo-louez-votre-velo-avec-rack-de-surf-chez-joe-bike\\\/#primaryimage\"},\"thumbnailUrl\":\"https:\\\/\\\/www.joebike.fr\\\/wp-content\\\/uploads\\\/2025\\\/06\\\/Rack-surf-fatbike-hossegor.png\",\"articleSection\":[\"Conseils\"],\"inLanguage\":\"es\"},{\"@type\":\"WebPage\",\"@id\":\"https:\\\/\\\/www.joebike.fr\\\/aller-surfer-a-velo-louez-votre-velo-avec-rack-de-surf-chez-joe-bike\\\/\",\"url\":\"https:\\\/\\\/www.joebike.fr\\\/aller-surfer-a-velo-louez-votre-velo-avec-rack-de-surf-chez-joe-bike\\\/\",\"name\":\"Aller surfer \u00e0 v\u00e9lo : louez votre v\u00e9lo avec rack de surf chez Joe Bike - Joe Bike\",\"isPartOf\":{\"@id\":\"https:\\\/\\\/www.joebike.fr\\\/#website\"},\"primaryImageOfPage\":{\"@id\":\"https:\\\/\\\/www.joebike.fr\\\/aller-surfer-a-velo-louez-votre-velo-avec-rack-de-surf-chez-joe-bike\\\/#primaryimage\"},\"image\":{\"@id\":\"https:\\\/\\\/www.joebike.fr\\\/aller-surfer-a-velo-louez-votre-velo-avec-rack-de-surf-chez-joe-bike\\\/#primaryimage\"},\"thumbnailUrl\":\"https:\\\/\\\/www.joebike.fr\\\/wp-content\\\/uploads\\\/2025\\\/06\\\/Rack-surf-fatbike-hossegor.png\",\"datePublished\":\"2025-06-23T08:00:47+00:00\",\"breadcrumb\":{\"@id\":\"https:\\\/\\\/www.joebike.fr\\\/aller-surfer-a-velo-louez-votre-velo-avec-rack-de-surf-chez-joe-bike\\\/#breadcrumb\"},\"inLanguage\":\"es\",\"potentialAction\":[{\"@type\":\"ReadAction\",\"target\":[\"https:\\\/\\\/www.joebike.fr\\\/aller-surfer-a-velo-louez-votre-velo-avec-rack-de-surf-chez-joe-bike\\\/\"]}]},{\"@type\":\"ImageObject\",\"inLanguage\":\"es\",\"@id\":\"https:\\\/\\\/www.joebike.fr\\\/aller-surfer-a-velo-louez-votre-velo-avec-rack-de-surf-chez-joe-bike\\\/#primaryimage\",\"url\":\"https:\\\/\\\/www.joebike.fr\\\/wp-content\\\/uploads\\\/2025\\\/06\\\/Rack-surf-fatbike-hossegor.png\",\"contentUrl\":\"https:\\\/\\\/www.joebike.fr\\\/wp-content\\\/uploads\\\/2025\\\/06\\\/Rack-surf-fatbike-hossegor.png\",\"width\":1621,\"height\":1280},{\"@type\":\"BreadcrumbList\",\"@id\":\"https:\\\/\\\/www.joebike.fr\\\/aller-surfer-a-velo-louez-votre-velo-avec-rack-de-surf-chez-joe-bike\\\/#breadcrumb\",\"itemListElement\":[{\"@type\":\"ListItem\",\"position\":1,\"name\":\"Accueil\",\"item\":\"https:\\\/\\\/www.joebike.fr\\\/\"},{\"@type\":\"ListItem\",\"position\":2,\"name\":\"Aller surfer \u00e0 v\u00e9lo : louez votre v\u00e9lo avec rack de surf chez Joe Bike\"}]},{\"@type\":\"WebSite\",\"@id\":\"https:\\\/\\\/www.joebike.fr\\\/#website\",\"url\":\"https:\\\/\\\/www.joebike.fr\\\/\",\"name\":\"Joe Bike\",\"description\":\"Location de v\u00e9lo dans les Landes, le Pays Basque et les Pyr\u00e9n\u00e9es\",\"publisher\":{\"@id\":\"https:\\\/\\\/www.joebike.fr\\\/#organization\"},\"potentialAction\":[{\"@type\":\"SearchAction\",\"target\":{\"@type\":\"EntryPoint\",\"urlTemplate\":\"https:\\\/\\\/www.joebike.fr\\\/?s={search_term_string}\"},\"query-input\":{\"@type\":\"PropertyValueSpecification\",\"valueRequired\":true,\"valueName\":\"search_term_string\"}}],\"inLanguage\":\"es\"},{\"@type\":\"Organization\",\"@id\":\"https:\\\/\\\/www.joebike.fr\\\/#organization\",\"name\":\"Joe Bike, sp\u00e9cialiste en location v\u00e9lo\",\"url\":\"https:\\\/\\\/www.joebike.fr\\\/\",\"logo\":{\"@type\":\"ImageObject\",\"inLanguage\":\"es\",\"@id\":\"https:\\\/\\\/www.joebike.fr\\\/#\\\/schema\\\/logo\\\/image\\\/\",\"url\":\"https:\\\/\\\/www.joebike.fr\\\/wp-content\\\/uploads\\\/2022\\\/04\\\/LOGO-JB-22_PNG.png\",\"contentUrl\":\"https:\\\/\\\/www.joebike.fr\\\/wp-content\\\/uploads\\\/2022\\\/04\\\/LOGO-JB-22_PNG.png\",\"width\":473,\"height\":473,\"caption\":\"Joe Bike, sp\u00e9cialiste en location v\u00e9lo\"},\"image\":{\"@id\":\"https:\\\/\\\/www.joebike.fr\\\/#\\\/schema\\\/logo\\\/image\\\/\"},\"sameAs\":[\"https:\\\/\\\/www.facebook.com\\\/joebikefrance\",\"https:\\\/\\\/www.instagram.com\\\/joebikefrance\"]},{\"@type\":\"Person\",\"@id\":\"https:\\\/\\\/www.joebike.fr\\\/#\\\/schema\\\/person\\\/8064fd0373e9e5b86d16d41ce97d4674\",\"name\":\"joe bike\",\"image\":{\"@type\":\"ImageObject\",\"inLanguage\":\"es\",\"@id\":\"https:\\\/\\\/secure.gravatar.com\\\/avatar\\\/7f4f96fc95221c6ed5840c843434d95484ba34b2e8718e2116b04451518ac0d3?s=96&d=mm&r=g\",\"url\":\"https:\\\/\\\/secure.gravatar.com\\\/avatar\\\/7f4f96fc95221c6ed5840c843434d95484ba34b2e8718e2116b04451518ac0d3?s=96&d=mm&r=g\",\"contentUrl\":\"https:\\\/\\\/secure.gravatar.com\\\/avatar\\\/7f4f96fc95221c6ed5840c843434d95484ba34b2e8718e2116b04451518ac0d3?s=96&d=mm&r=g\",\"caption\":\"joe bike\"},\"sameAs\":[\"http:\\\/\\\/www.joebike.fr\"]}]}<\/script>\n<!-- \/ Yoast SEO Premium plugin. -->","yoast_head_json":{"title":"Aller surfer \u00e0 v\u00e9lo : louez votre v\u00e9lo avec rack de surf chez Joe Bike - Joe Bike","robots":{"index":"index","follow":"follow","max-snippet":"max-snippet:-1","max-image-preview":"max-image-preview:large","max-video-preview":"max-video-preview:-1"},"canonical":"https:\/\/www.joebike.fr\/es\/aller-surfer-a-velo-louez-votre-velo-avec-rack-de-surf-chez-joe-bike\/","og_locale":"es_ES","og_type":"article","og_title":"Aller surfer \u00e0 v\u00e9lo : louez votre v\u00e9lo avec rack de surf chez Joe Bike","og_description":"Les spots de surf attirent chaque jour des centaines de passionn\u00e9s. Entre bouchons, parkings satur\u00e9s et planches encombrantes, le v\u00e9lo \u00e9quip\u00e9 d\u2019un rack de surf devient le meilleur alli\u00e9 pour acc\u00e9der aux vagues\u2026 sans stress.\u00a0 Optez pour un v\u00e9lo avec rack de surf Pas besoin de v\u00e9lo cargo ou d\u2019installation compliqu\u00e9e : un simple v\u00e9lo [&hellip;]","og_url":"https:\/\/www.joebike.fr\/es\/aller-surfer-a-velo-louez-votre-velo-avec-rack-de-surf-chez-joe-bike\/","og_site_name":"Joe Bike","article_publisher":"https:\/\/www.facebook.com\/joebikefrance","article_published_time":"2025-06-23T08:00:47+00:00","og_image":[{"width":1024,"height":809,"url":"https:\/\/www.joebike.fr\/wp-content\/uploads\/2025\/06\/Rack-surf-fatbike-hossegor-1024x809.png","type":"image\/png"}],"author":"joe bike","twitter_card":"summary_large_image","schema":{"@context":"https:\/\/schema.org","@graph":[{"@type":"Article","@id":"https:\/\/www.joebike.fr\/aller-surfer-a-velo-louez-votre-velo-avec-rack-de-surf-chez-joe-bike\/#article","isPartOf":{"@id":"https:\/\/www.joebike.fr\/aller-surfer-a-velo-louez-votre-velo-avec-rack-de-surf-chez-joe-bike\/"},"author":{"name":"joe bike","@id":"https:\/\/www.joebike.fr\/#\/schema\/person\/8064fd0373e9e5b86d16d41ce97d4674"},"headline":"Aller surfer \u00e0 v\u00e9lo : louez votre v\u00e9lo avec rack de surf chez Joe Bike","datePublished":"2025-06-23T08:00:47+00:00","mainEntityOfPage":{"@id":"https:\/\/www.joebike.fr\/aller-surfer-a-velo-louez-votre-velo-avec-rack-de-surf-chez-joe-bike\/"},"wordCount":206,"publisher":{"@id":"https:\/\/www.joebike.fr\/#organization"},"image":{"@id":"https:\/\/www.joebike.fr\/aller-surfer-a-velo-louez-votre-velo-avec-rack-de-surf-chez-joe-bike\/#primaryimage"},"thumbnailUrl":"https:\/\/www.joebike.fr\/wp-content\/uploads\/2025\/06\/Rack-surf-fatbike-hossegor.png","articleSection":["Conseils"],"inLanguage":"es"},{"@type":"WebPage","@id":"https:\/\/www.joebike.fr\/aller-surfer-a-velo-louez-votre-velo-avec-rack-de-surf-chez-joe-bike\/","url":"https:\/\/www.joebike.fr\/aller-surfer-a-velo-louez-votre-velo-avec-rack-de-surf-chez-joe-bike\/","name":"Aller surfer \u00e0 v\u00e9lo : louez votre v\u00e9lo avec rack de surf chez Joe Bike - Joe Bike","isPartOf":{"@id":"https:\/\/www.joebike.fr\/#website"},"primaryImageOfPage":{"@id":"https:\/\/www.joebike.fr\/aller-surfer-a-velo-louez-votre-velo-avec-rack-de-surf-chez-joe-bike\/#primaryimage"},"image":{"@id":"https:\/\/www.joebike.fr\/aller-surfer-a-velo-louez-votre-velo-avec-rack-de-surf-chez-joe-bike\/#primaryimage"},"thumbnailUrl":"https:\/\/www.joebike.fr\/wp-content\/uploads\/2025\/06\/Rack-surf-fatbike-hossegor.png","datePublished":"2025-06-23T08:00:47+00:00","breadcrumb":{"@id":"https:\/\/www.joebike.fr\/aller-surfer-a-velo-louez-votre-velo-avec-rack-de-surf-chez-joe-bike\/#breadcrumb"},"inLanguage":"es","potentialAction":[{"@type":"ReadAction","target":["https:\/\/www.joebike.fr\/aller-surfer-a-velo-louez-votre-velo-avec-rack-de-surf-chez-joe-bike\/"]}]},{"@type":"ImageObject","inLanguage":"es","@id":"https:\/\/www.joebike.fr\/aller-surfer-a-velo-louez-votre-velo-avec-rack-de-surf-chez-joe-bike\/#primaryimage","url":"https:\/\/www.joebike.fr\/wp-content\/uploads\/2025\/06\/Rack-surf-fatbike-hossegor.png","contentUrl":"https:\/\/www.joebike.fr\/wp-content\/uploads\/2025\/06\/Rack-surf-fatbike-hossegor.png","width":1621,"height":1280},{"@type":"BreadcrumbList","@id":"https:\/\/www.joebike.fr\/aller-surfer-a-velo-louez-votre-velo-avec-rack-de-surf-chez-joe-bike\/#breadcrumb","itemListElement":[{"@type":"ListItem","position":1,"name":"Accueil","item":"https:\/\/www.joebike.fr\/"},{"@type":"ListItem","position":2,"name":"Aller surfer \u00e0 v\u00e9lo : louez votre v\u00e9lo avec rack de surf chez Joe Bike"}]},{"@type":"WebSite","@id":"https:\/\/www.joebike.fr\/#website","url":"https:\/\/www.joebike.fr\/","name":"Joe Bike","description":"Alquiler de bicicletas en las Landas, el Pa\u00eds Vasco y los Pirineos","publisher":{"@id":"https:\/\/www.joebike.fr\/#organization"},"potentialAction":[{"@type":"SearchAction","target":{"@type":"EntryPoint","urlTemplate":"https:\/\/www.joebike.fr\/?s={search_term_string}"},"query-input":{"@type":"PropertyValueSpecification","valueRequired":true,"valueName":"search_term_string"}}],"inLanguage":"es"},{"@type":"Organization","@id":"https:\/\/www.joebike.fr\/#organization","name":"Joe Bike, especialista en alquiler de bicicletas","url":"https:\/\/www.joebike.fr\/","logo":{"@type":"ImageObject","inLanguage":"es","@id":"https:\/\/www.joebike.fr\/#\/schema\/logo\/image\/","url":"https:\/\/www.joebike.fr\/wp-content\/uploads\/2022\/04\/LOGO-JB-22_PNG.png","contentUrl":"https:\/\/www.joebike.fr\/wp-content\/uploads\/2022\/04\/LOGO-JB-22_PNG.png","width":473,"height":473,"caption":"Joe Bike, sp\u00e9cialiste en location v\u00e9lo"},"image":{"@id":"https:\/\/www.joebike.fr\/#\/schema\/logo\/image\/"},"sameAs":["https:\/\/www.facebook.com\/joebikefrance","https:\/\/www.instagram.com\/joebikefrance"]},{"@type":"Person","@id":"https:\/\/www.joebike.fr\/#\/schema\/person\/8064fd0373e9e5b86d16d41ce97d4674","name":"joe bike","image":{"@type":"ImageObject","inLanguage":"es","@id":"https:\/\/secure.gravatar.com\/avatar\/7f4f96fc95221c6ed5840c843434d95484ba34b2e8718e2116b04451518ac0d3?s=96&d=mm&r=g","url":"https:\/\/secure.gravatar.com\/avatar\/7f4f96fc95221c6ed5840c843434d95484ba34b2e8718e2116b04451518ac0d3?s=96&d=mm&r=g","contentUrl":"https:\/\/secure.gravatar.com\/avatar\/7f4f96fc95221c6ed5840c843434d95484ba34b2e8718e2116b04451518ac0d3?s=96&d=mm&r=g","caption":"joe bike"},"sameAs":["http:\/\/www.joebike.fr"]}]}},"_links":{"self":[{"href":"https:\/\/www.joebike.fr\/es\/wp-json\/wp\/v2\/posts\/12843","targetHints":{"allow":["GET"]}}],"collection":[{"href":"https:\/\/www.joebike.fr\/es\/wp-json\/wp\/v2\/posts"}],"about":[{"href":"https:\/\/www.joebike.fr\/es\/wp-json\/wp\/v2\/types\/post"}],"author":[{"embeddable":true,"href":"https:\/\/www.joebike.fr\/es\/wp-json\/wp\/v2\/users\/1"}],"replies":[{"embeddable":true,"href":"https:\/\/www.joebike.fr\/es\/wp-json\/wp\/v2\/comments?post=12843"}],"version-history":[{"count":0,"href":"https:\/\/www.joebike.fr\/es\/wp-json\/wp\/v2\/posts\/12843\/revisions"}],"wp:featuredmedia":[{"embeddable":true,"href":"https:\/\/www.joebike.fr\/es\/wp-json\/wp\/v2\/media\/12844"}],"wp:attachment":[{"href":"https:\/\/www.joebike.fr\/es\/wp-json\/wp\/v2\/media?parent=12843"}],"wp:term":[{"taxonomy":"category","embeddable":true,"href":"https:\/\/www.joebike.fr\/es\/wp-json\/wp\/v2\/categories?post=12843"},{"taxonomy":"post_tag","embeddable":true,"href":"https:\/\/www.joebike.fr\/es\/wp-json\/wp\/v2\/tags?post=12843"}],"curies":[{"name":"wp","href":"https:\/\/api.w.org\/{rel}","templated":true}]}}